{"id":1276,"date":"2025-11-22T11:01:00","date_gmt":"2025-11-22T11:01:00","guid":{"rendered":"https:\/\/ruhatv.org\/index.php\/2025\/11\/22\/sanliurfada-baba-ve-kizina-silahli-saldiri\/"},"modified":"2025-11-22T11:01:00","modified_gmt":"2025-11-22T11:01:00","slug":"sanliurfada-baba-ve-kizina-silahli-saldiri","status":"publish","type":"post","link":"https:\/\/ruhatv.org\/index.php\/2025\/11\/22\/sanliurfada-baba-ve-kizina-silahli-saldiri\/","title":{"rendered":"\u015eanl\u0131urfa&#8217;da Baba Ve K\u0131z\u0131na Silahl\u0131 Sald\u0131r\u0131!"},"content":{"rendered":"<p>Urfahaber.com WhatsApp ihbar hatt\u0131na ula\u015fan bir vatanda\u015f, d\u00fcn gece saat 03.40 s\u0131ralar\u0131nda T\u00fclmen K\u00f6y\u00fc yak\u0131nlar\u0131nda bir aileye silahl\u0131 sald\u0131r\u0131 d\u00fczenlendi\u011fini bildirdi. \u0130ddiaya g\u00f6re olay, taraflar aras\u0131nda hukuki s\u00fcre\u00e7le al\u0131nan bir arsa nedeniyle ya\u015fanan anla\u015fmazl\u0131ktan kaynakland\u0131.<\/p>\n<p><img loading=\"lazy\" decoding=\"async\" alt=\"\u015eanl\u0131urfa'da Baba Ve K\u0131z\u0131na Silahl\u0131 Sald\u0131r\u0131!\" class=\"mx-auto max-w-full h-auto shadow-sm\" height=\"598\" src=\"https:\/\/www.urfahaber.com\/images\/uploads\/2025\/11\/lolloooo-6921a01a22ef2.jpg\" width=\"943\" \/><\/p>\n<p>\u0130hbar\u0131 yapan ki\u015fi, sald\u0131r\u0131ya u\u011frayan ailenin arsay\u0131 yasal yollarla ald\u0131\u011f\u0131n\u0131 belirterek \u015funlar\u0131 aktard\u0131:<br \/> \u201cArabay\u0131 23 ya\u015f\u0131ndaki gen\u00e7 k\u0131z E.T (23)\u00a0kullan\u0131yordu. Yan\u0131nda babas\u0131 M.T.(60)\u00a0vard\u0131. K\u0131z ve babas\u0131, b\u00f6yle bir sald\u0131r\u0131ya maruz kald\u0131klar\u0131 i\u00e7in \u00e7ok korktular. Arsa hukuki yollardan onlar\u0131n ama geri almak isteyen ki\u015filer var. D\u00fcn gece saat 03.40 civar\u0131 T\u00fclmen K\u00f6y\u00fc\u2019nde \u00e7imento fabrikas\u0131n\u0131n yak\u0131nlar\u0131nda seyir h\u00e2lindeyken bir ara\u00e7tan d\u00f6rt ya da be\u015f ki\u015fi indi ve g\u00f6z korkutmak amac\u0131yla ate\u015f a\u00e7t\u0131.\u201d<\/p>\n<p>\u0130ddiaya g\u00f6re sald\u0131r\u0131da can kayb\u0131 ya\u015fanmazken, aile fertleri hafif yaralarla olay\u0131 atlatt\u0131. Ara\u00e7 ise \u00e7ok say\u0131da kur\u015fun isabeti nedeniyle tamamen zarar g\u00f6rd\u00fc; camlar\u0131 k\u0131r\u0131ld\u0131.<\/p>\n<p>\u00d6ne s\u00fcr\u00fclen iddialara g\u00f6re \u015f\u00fcphelilerden biri yakalan\u0131rken, di\u011fer zanl\u0131lar\u0131n yakalanmas\u0131 i\u00e7in \u00e7al\u0131\u015fmalar s\u00fcr\u00fcyor.\u00a0<\/p>\n<p>Sizlerde ihbarlar\u0131n\u0131z\u0131 Urfahaber.com Whatsapp ihbar hatt\u0131 \u00fczerinden bizlere ula\u015ft\u0131rabilirsiniz&#8230;<\/p>\n","protected":false},"excerpt":{"rendered":"<p>Urfahaber.com WhatsApp ihbar hatt\u0131na ula\u015fan bir vatanda\u015f, d\u00fcn gece saat 03.40 s\u0131ralar\u0131nda T\u00fclmen K\u00f6y\u00fc yak\u0131nlar\u0131nda&#8230;<\/p>\n","protected":false},"author":1,"featured_media":1277,"comment_status":"closed","ping_status":"closed","sticky":false,"template":"","format":"standard","meta":{"footnotes":""},"categories":[1],"tags":[],"class_list":["post-1276","post","type-post","status-publish","format-standard","has-post-thumbnail","hentry","category-guncel"],"_links":{"self":[{"href":"https:\/\/ruhatv.org\/index.php\/wp-json\/wp\/v2\/posts\/1276","targetHints":{"allow":["GET"]}}],"collection":[{"href":"https:\/\/ruhatv.org\/index.php\/wp-json\/wp\/v2\/posts"}],"about":[{"href":"https:\/\/ruhatv.org\/index.php\/wp-json\/wp\/v2\/types\/post"}],"author":[{"embeddable":true,"href":"https:\/\/ruhatv.org\/index.php\/wp-json\/wp\/v2\/users\/1"}],"replies":[{"embeddable":true,"href":"https:\/\/ruhatv.org\/index.php\/wp-json\/wp\/v2\/comments?post=1276"}],"version-history":[{"count":0,"href":"https:\/\/ruhatv.org\/index.php\/wp-json\/wp\/v2\/posts\/1276\/revisions"}],"wp:featuredmedia":[{"embeddable":true,"href":"https:\/\/ruhatv.org\/index.php\/wp-json\/wp\/v2\/media\/1277"}],"wp:attachment":[{"href":"https:\/\/ruhatv.org\/index.php\/wp-json\/wp\/v2\/media?parent=1276"}],"wp:term":[{"taxonomy":"category","embeddable":true,"href":"https:\/\/ruhatv.org\/index.php\/wp-json\/wp\/v2\/categories?post=1276"},{"taxonomy":"post_tag","embeddable":true,"href":"https:\/\/ruhatv.org\/index.php\/wp-json\/wp\/v2\/tags?post=1276"}],"curies":[{"name":"wp","href":"https:\/\/api.w.org\/{rel}","templated":true}]}}