{"id":145,"date":"2025-11-01T07:10:00","date_gmt":"2025-11-01T07:10:00","guid":{"rendered":"https:\/\/ruhatv.org\/index.php\/2025\/11\/01\/balikesirde-art-arda-deprem\/"},"modified":"2025-11-01T07:10:00","modified_gmt":"2025-11-01T07:10:00","slug":"balikesirde-art-arda-deprem","status":"publish","type":"post","link":"https:\/\/ruhatv.org\/index.php\/2025\/11\/01\/balikesirde-art-arda-deprem\/","title":{"rendered":"Bal\u0131kesir&#8217;de Art Arda Deprem!"},"content":{"rendered":"<p>\u00a0Bal\u0131kesir&#8217;in S\u0131nd\u0131rg\u0131 il\u00e7esi be\u015fik gibi sallan\u0131yor. Gece pe\u015f pe\u015fe meydana gelen depremlerin ard\u0131ndan b\u00f6lgede sabah saatlerinde bir sars\u0131nt\u0131 daha ya\u015fand\u0131. AFAD, depreme ili\u015fkin verileri a\u00e7\u0131klad\u0131.<\/p>\n<p><img loading=\"lazy\" decoding=\"async\" alt=\"Bal\u0131kesir'de Art Arda Deprem!\" class=\"mx-auto max-w-full h-auto shadow-sm\" height=\"555\" src=\"https:\/\/www.urfahaber.com\/images\/uploads\/2025\/11\/hgh-6905b38cbab56.jpg\" width=\"995\" \/><\/p>\n<p>10 A\u011fustos ve 27 Ekim&#8217;de 6,1&#8217;lik depremlerle sars\u0131lan\u00a0Bal\u0131kesir&#8217;in\u00a0S\u0131nd\u0131rg\u0131\u00a0il\u00e7esinde\u00a0deprem\u00a0f\u0131rt\u0131nas\u0131 devam ediyor.<\/p>\n<p><strong>BALIKES\u0130R&#8217;DE PE\u015e PE\u015eE DEPREM<\/strong><\/p>\n<p>Afet ve Acil Durum Y\u00f6netimi Ba\u015fkanl\u0131\u011f\u0131 (AFAD),\u00a0Bal\u0131kesir&#8217;de saat 03.50&#8217;de 3,8 b\u00fcy\u00fckl\u00fc\u011f\u00fcnde deprem meydana geldi\u011fini a\u00e7\u0131klad\u0131. AFAD, merkez \u00fcss\u00fc S\u0131nd\u0131rg\u0131 il\u00e7esi olan sars\u0131nt\u0131n\u0131n derinli\u011finin 5,37 kilometre olarak \u00f6l\u00e7\u00fcld\u00fc\u011f\u00fcn\u00fc duyurdu.<\/p>\n<p><img loading=\"lazy\" decoding=\"async\" alt=\"Bal\u0131kesir'de Art Arda Deprem!\" class=\"mx-auto max-w-full h-auto shadow-sm\" height=\"707\" src=\"https:\/\/www.urfahaber.com\/images\/uploads\/2025\/11\/hyhy-6905b30eb29b7.jpg\" width=\"904\" \/><\/p>\n<p>Ayn\u0131 b\u00f6lgede bir dakika sonra bir sars\u0131nt\u0131 daha olu\u015ftu. AFAD, saat 03.51&#8217;de S\u0131nd\u0131rg\u0131 il\u00e7esinde 3,5 b\u00fcy\u00fckl\u00fc\u011f\u00fcnde\u00a0deprem\u00a0oldu\u011funu bildirdi. Depremin derinli\u011fini 7 kilometre olarak kaydedildi.<\/p>\n<p><strong>SABAH SAATLER\u0130NDE KORKUTAN DEPREM<\/strong><\/p>\n<p>AFAD verilerine g\u00f6re; Bal\u0131kesir&#8217;in S\u0131nd\u0131rg\u0131 il\u00e7esinde saat 07.58&#8217;de 4,2 b\u00fcy\u00fckl\u00fc\u011f\u00fcnde bir deprem daha oldu. Depremin derinli\u011fi 6,79 kilometre olarak a\u00e7\u0131kland\u0131.<\/p>\n<p><img loading=\"lazy\" decoding=\"async\" alt=\"Bal\u0131kesir'de Art Arda Deprem!\" class=\"mx-auto max-w-full h-auto shadow-sm\" height=\"737\" src=\"https:\/\/www.urfahaber.com\/images\/uploads\/2025\/11\/hgth-6905b2dedd1dc.jpg\" width=\"879\" \/><\/p>\n","protected":false},"excerpt":{"rendered":"<p>\u00a0Bal\u0131kesir&#8217;in S\u0131nd\u0131rg\u0131 il\u00e7esi be\u015fik gibi sallan\u0131yor. Gece pe\u015f pe\u015fe meydana gelen depremlerin ard\u0131ndan b\u00f6lgede sabah&#8230;<\/p>\n","protected":false},"author":1,"featured_media":146,"comment_status":"closed","ping_status":"closed","sticky":false,"template":"","format":"standard","meta":{"footnotes":""},"categories":[1],"tags":[],"class_list":["post-145","post","type-post","status-publish","format-standard","has-post-thumbnail","hentry","category-guncel"],"_links":{"self":[{"href":"https:\/\/ruhatv.org\/index.php\/wp-json\/wp\/v2\/posts\/145","targetHints":{"allow":["GET"]}}],"collection":[{"href":"https:\/\/ruhatv.org\/index.php\/wp-json\/wp\/v2\/posts"}],"about":[{"href":"https:\/\/ruhatv.org\/index.php\/wp-json\/wp\/v2\/types\/post"}],"author":[{"embeddable":true,"href":"https:\/\/ruhatv.org\/index.php\/wp-json\/wp\/v2\/users\/1"}],"replies":[{"embeddable":true,"href":"https:\/\/ruhatv.org\/index.php\/wp-json\/wp\/v2\/comments?post=145"}],"version-history":[{"count":0,"href":"https:\/\/ruhatv.org\/index.php\/wp-json\/wp\/v2\/posts\/145\/revisions"}],"wp:featuredmedia":[{"embeddable":true,"href":"https:\/\/ruhatv.org\/index.php\/wp-json\/wp\/v2\/media\/146"}],"wp:attachment":[{"href":"https:\/\/ruhatv.org\/index.php\/wp-json\/wp\/v2\/media?parent=145"}],"wp:term":[{"taxonomy":"category","embeddable":true,"href":"https:\/\/ruhatv.org\/index.php\/wp-json\/wp\/v2\/categories?post=145"},{"taxonomy":"post_tag","embeddable":true,"href":"https:\/\/ruhatv.org\/index.php\/wp-json\/wp\/v2\/tags?post=145"}],"curies":[{"name":"wp","href":"https:\/\/api.w.org\/{rel}","templated":true}]}}