{"id":1524,"date":"2025-11-27T06:38:00","date_gmt":"2025-11-27T06:38:00","guid":{"rendered":"https:\/\/ruhatv.org\/index.php\/2025\/11\/27\/iki-arac-kafa-kafaya-carpisti-uc-yarali\/"},"modified":"2025-11-27T06:38:00","modified_gmt":"2025-11-27T06:38:00","slug":"iki-arac-kafa-kafaya-carpisti-uc-yarali","status":"publish","type":"post","link":"https:\/\/ruhatv.org\/index.php\/2025\/11\/27\/iki-arac-kafa-kafaya-carpisti-uc-yarali\/","title":{"rendered":"\u0130ki Ara\u00e7 Kafa Kafaya \u00c7arp\u0131\u015ft\u0131&#8230; \u00dc\u00e7 Yaral\u0131"},"content":{"rendered":"<p>Erzincan\u2019\u0131n Fatih Mahallesi Binali Y\u0131ld\u0131r\u0131m Bulvar\u0131\u2019nda ya\u015fanan trafik kazas\u0131nda 3 ki\u015fi yaraland\u0131. 24 DP 298 plakal\u0131 otomobil ile 24 ABY 828 plakal\u0131 hafif ticari ara\u00e7, bulvar \u00fczerinde hen\u00fcz belirlenemeyen bir nedenle kafa kafaya \u00e7arp\u0131\u015ft\u0131.<\/p>\n<p>\u00c7arp\u0131\u015fman\u0131n \u015fiddetiyle her iki ara\u00e7ta da ciddi maddi hasar olu\u015ftu.<\/p>\n<p><strong>VATANDA\u015eLAR EK\u0130PLERE HABER VERD\u0130<\/strong><\/p>\n<p>Kazay\u0131 g\u00f6ren \u00e7evredeki vatanda\u015flar, durumu hemen sa\u011fl\u0131k ve polis ekiplerine bildirdi. Olay yerine h\u0131zl\u0131 \u015fekilde gelen 112 Acil Servis ekipleri, yaral\u0131lara ilk m\u00fcdahaleyi olay yerinde ger\u00e7ekle\u015ftirdi.<\/p>\n<p><strong>YARALILAR HASTANEYE KALDIRILDI<\/strong><\/p>\n<p>\u0130lk m\u00fcdahalenin ard\u0131ndan yaral\u0131lar, Meng\u00fccek Gazi E\u011fitim ve Ara\u015ft\u0131rma Hastanesi\u2019ne sevk edildi. Yaral\u0131lar\u0131n sa\u011fl\u0131k durumuyla ilgili hen\u00fcz resmi bir a\u00e7\u0131klama yap\u0131lmad\u0131.<\/p>\n<p><strong>POL\u0130S \u0130NCELEME BA\u015eLATTI<\/strong><\/p>\n<p>Polis ekipleri, kazan\u0131n nas\u0131l meydana geldi\u011fini belirlemek i\u00e7in olay yerinde inceleme yapt\u0131. Kaza ile ilgili detayl\u0131 soru\u015fturma s\u00fcr\u00fcyor.<\/p>\n<p><img loading=\"lazy\" decoding=\"async\" alt=\"\u0130ki Ara\u00e7 Kafa Kafaya \u00c7arp\u0131\u015ft\u0131... \u00dc\u00e7 Yaral\u0131\" class=\"mx-auto max-w-full h-auto shadow-sm\" height=\"641\" src=\"https:\/\/www.urfahaber.com\/images\/uploads\/2025\/11\/fh-6927f32816a26.jpg\" width=\"1140\" \/><\/p>\n","protected":false},"excerpt":{"rendered":"<p>Erzincan\u2019\u0131n Fatih Mahallesi Binali Y\u0131ld\u0131r\u0131m Bulvar\u0131\u2019nda ya\u015fanan trafik kazas\u0131nda 3 ki\u015fi yaraland\u0131. 24 DP 298&#8230;<\/p>\n","protected":false},"author":1,"featured_media":1525,"comment_status":"closed","ping_status":"closed","sticky":false,"template":"","format":"standard","meta":{"footnotes":""},"categories":[1],"tags":[],"class_list":["post-1524","post","type-post","status-publish","format-standard","has-post-thumbnail","hentry","category-guncel"],"_links":{"self":[{"href":"https:\/\/ruhatv.org\/index.php\/wp-json\/wp\/v2\/posts\/1524","targetHints":{"allow":["GET"]}}],"collection":[{"href":"https:\/\/ruhatv.org\/index.php\/wp-json\/wp\/v2\/posts"}],"about":[{"href":"https:\/\/ruhatv.org\/index.php\/wp-json\/wp\/v2\/types\/post"}],"author":[{"embeddable":true,"href":"https:\/\/ruhatv.org\/index.php\/wp-json\/wp\/v2\/users\/1"}],"replies":[{"embeddable":true,"href":"https:\/\/ruhatv.org\/index.php\/wp-json\/wp\/v2\/comments?post=1524"}],"version-history":[{"count":0,"href":"https:\/\/ruhatv.org\/index.php\/wp-json\/wp\/v2\/posts\/1524\/revisions"}],"wp:featuredmedia":[{"embeddable":true,"href":"https:\/\/ruhatv.org\/index.php\/wp-json\/wp\/v2\/media\/1525"}],"wp:attachment":[{"href":"https:\/\/ruhatv.org\/index.php\/wp-json\/wp\/v2\/media?parent=1524"}],"wp:term":[{"taxonomy":"category","embeddable":true,"href":"https:\/\/ruhatv.org\/index.php\/wp-json\/wp\/v2\/categories?post=1524"},{"taxonomy":"post_tag","embeddable":true,"href":"https:\/\/ruhatv.org\/index.php\/wp-json\/wp\/v2\/tags?post=1524"}],"curies":[{"name":"wp","href":"https:\/\/api.w.org\/{rel}","templated":true}]}}