{"id":1830,"date":"2025-12-02T06:35:00","date_gmt":"2025-12-02T06:35:00","guid":{"rendered":"https:\/\/ruhatv.org\/index.php\/2025\/12\/02\/sanliurfada-akrabalar-arasinda-silahli-kavga-2-yarali\/"},"modified":"2025-12-02T06:35:00","modified_gmt":"2025-12-02T06:35:00","slug":"sanliurfada-akrabalar-arasinda-silahli-kavga-2-yarali","status":"publish","type":"post","link":"https:\/\/ruhatv.org\/index.php\/2025\/12\/02\/sanliurfada-akrabalar-arasinda-silahli-kavga-2-yarali\/","title":{"rendered":"\u015eanl\u0131urfa\u2019da Akrabalar Aras\u0131nda Silahl\u0131 Kavga: 2 Yaral\u0131"},"content":{"rendered":"<p>\u015eanl\u0131urfa\u2019n\u0131n Eyy\u00fcbiye il\u00e7esine ba\u011fl\u0131 k\u0131rsal Sultantepe Mahallesi&#8217;nde gece saatlerinde ya\u015fanan olayda, aralar\u0131nda alacak verecek anla\u015fmazl\u0131\u011f\u0131 oldu\u011fu iddia edilen akraba iki aile aras\u0131nda \u00e7\u0131kan s\u00f6zl\u00fc tart\u0131\u015fma k\u0131sa s\u00fcrede b\u00fcy\u00fcyerek silahl\u0131 kavgaya\u00a0d\u00f6n\u00fc\u015ft\u00fc.<\/p>\n<p><strong>\u0130K\u0130 K\u0130\u015e\u0130 YARALANDI<\/strong><\/p>\n<p>\u00c7evredekilerin ihbar\u0131 \u00fczerine b\u00f6lgeye \u00e7ok say\u0131da sa\u011fl\u0131k ve jandarma ekibi sevk edildi. Kavgada yaralanan H.\u0130. (43) ve M.M. (50), ilk m\u00fcdahalelerin ard\u0131ndan ambulanslarla \u015eanl\u0131urfa E\u011fitim ve Ara\u015ft\u0131rma Hastanesi&#8217;ne kald\u0131r\u0131ld\u0131.<\/p>\n<p><strong>SORU\u015eTURMA BA\u015eLATILDI<\/strong><\/p>\n<p>Jandarma ekipleri, olaya kar\u0131\u015fan biri muhtar olmak \u00fczere 3 ki\u015fiyi g\u00f6zalt\u0131na al\u0131rken, kavgayla ilgili geni\u015f \u00e7apl\u0131 soru\u015fturma ba\u015flat\u0131ld\u0131.<\/p>\n<p><img loading=\"lazy\" decoding=\"async\" alt=\"\u015eanl\u0131urfa\u2019da Akrabalar Aras\u0131nda Silahl\u0131 Kavga: 2 Yaral\u0131\" class=\"mx-auto max-w-full h-auto shadow-sm\" height=\"677\" src=\"https:\/\/www.urfahaber.com\/images\/uploads\/2025\/12\/cccccccccccccfggggggggggggggg-692e961f9f9fe.png\" width=\"1200\" \/><\/p>\n<p>KAYNAK:\u0130HA<\/p>\n","protected":false},"excerpt":{"rendered":"<p>\u015eanl\u0131urfa\u2019n\u0131n Eyy\u00fcbiye il\u00e7esine ba\u011fl\u0131 k\u0131rsal Sultantepe Mahallesi&#8217;nde gece saatlerinde ya\u015fanan olayda, aralar\u0131nda alacak verecek anla\u015fmazl\u0131\u011f\u0131&#8230;<\/p>\n","protected":false},"author":1,"featured_media":1831,"comment_status":"closed","ping_status":"closed","sticky":false,"template":"","format":"standard","meta":{"footnotes":""},"categories":[1],"tags":[],"class_list":["post-1830","post","type-post","status-publish","format-standard","has-post-thumbnail","hentry","category-guncel"],"_links":{"self":[{"href":"https:\/\/ruhatv.org\/index.php\/wp-json\/wp\/v2\/posts\/1830","targetHints":{"allow":["GET"]}}],"collection":[{"href":"https:\/\/ruhatv.org\/index.php\/wp-json\/wp\/v2\/posts"}],"about":[{"href":"https:\/\/ruhatv.org\/index.php\/wp-json\/wp\/v2\/types\/post"}],"author":[{"embeddable":true,"href":"https:\/\/ruhatv.org\/index.php\/wp-json\/wp\/v2\/users\/1"}],"replies":[{"embeddable":true,"href":"https:\/\/ruhatv.org\/index.php\/wp-json\/wp\/v2\/comments?post=1830"}],"version-history":[{"count":0,"href":"https:\/\/ruhatv.org\/index.php\/wp-json\/wp\/v2\/posts\/1830\/revisions"}],"wp:featuredmedia":[{"embeddable":true,"href":"https:\/\/ruhatv.org\/index.php\/wp-json\/wp\/v2\/media\/1831"}],"wp:attachment":[{"href":"https:\/\/ruhatv.org\/index.php\/wp-json\/wp\/v2\/media?parent=1830"}],"wp:term":[{"taxonomy":"category","embeddable":true,"href":"https:\/\/ruhatv.org\/index.php\/wp-json\/wp\/v2\/categories?post=1830"},{"taxonomy":"post_tag","embeddable":true,"href":"https:\/\/ruhatv.org\/index.php\/wp-json\/wp\/v2\/tags?post=1830"}],"curies":[{"name":"wp","href":"https:\/\/api.w.org\/{rel}","templated":true}]}}