{"id":1972,"date":"2025-12-05T12:12:00","date_gmt":"2025-12-05T12:12:00","guid":{"rendered":"https:\/\/ruhatv.org\/index.php\/2025\/12\/05\/sanliurfa-sektorun-odak-noktasi-oldu\/"},"modified":"2025-12-05T12:12:00","modified_gmt":"2025-12-05T12:12:00","slug":"sanliurfa-sektorun-odak-noktasi-oldu","status":"publish","type":"post","link":"https:\/\/ruhatv.org\/index.php\/2025\/12\/05\/sanliurfa-sektorun-odak-noktasi-oldu\/","title":{"rendered":"\u201c\u015eanl\u0131urfa, Sekt\u00f6r\u00fcn Odak Noktas\u0131 Oldu\u201d"},"content":{"rendered":"<p>T\u00fcrkiye\u2019nin ikinci b\u00fcy\u00fck turizm fuar\u0131 olarak kabul edilen \u0130zmir Turizm Fuar\u0131, 3-5 Aral\u0131k 2025 tarihlerinde d\u00fczenlendi. Fuara \u015eanl\u0131urfa, \u015eanl\u0131urfa B\u00f6lgesel Turist Rehberleri Odas\u0131 (\u015eURO) taraf\u0131ndan temsil edildi.<\/p>\n<p><img loading=\"lazy\" decoding=\"async\" alt=\"\u201c\u015eanl\u0131urfa, Sekt\u00f6r\u00fcn Odak Noktas\u0131 Oldu\u201d\" class=\"mx-auto max-w-full h-auto shadow-sm\" height=\"834\" src=\"https:\/\/www.urfahaber.com\/images\/uploads\/2025\/12\/suro1-6932cff26ebac.jpg\" width=\"1200\" \/><\/p>\n<p>Fuarda TUREB Turist Rehberleri Birli\u011fi, \u0130ZRO \u0130zmir Turist Rehberleri Odas\u0131 ve \u015eURO ortak stand a\u00e7t\u0131. Stand, turizm sekt\u00f6r temsilcileri, otelciler, seyahat acenteleri, turist rehberleri ve \u00fcniversite \u00f6\u011frencileri taraf\u0131ndan ziyaret edildi.<\/p>\n<p><img loading=\"lazy\" decoding=\"async\" alt=\"\u201c\u015eanl\u0131urfa, Sekt\u00f6r\u00fcn Odak Noktas\u0131 Oldu\u201d\" class=\"mx-auto max-w-full h-auto shadow-sm\" height=\"800\" src=\"https:\/\/www.urfahaber.com\/images\/uploads\/2025\/12\/suro2-6932cfffcdd88.jpg\" width=\"1200\" \/><\/p>\n<p>Fuara TUREB Ba\u015fkan\u0131 Abd\u00fclkadir Tanr\u0131da\u011fl\u0131, TUREB Denetim Kurulu Ba\u015fkan\u0131 M\u00fcsl\u00fcm \u00c7oban, \u015eURO Ba\u015fkan\u0131 M\u00fcsl\u00fcm Akkay ve \u0130ZRO Ba\u015fkan\u0131 Ay\u00e7a Kesici kat\u0131ld\u0131. \u015eURO, fuarda \u015eanl\u0131urfa ve Do\u011fu-G\u00fcneydo\u011fu Anadolu B\u00f6lgesi\u2019ni temsil etti.<\/p>\n","protected":false},"excerpt":{"rendered":"<p>T\u00fcrkiye\u2019nin ikinci b\u00fcy\u00fck turizm fuar\u0131 olarak kabul edilen \u0130zmir Turizm Fuar\u0131, 3-5 Aral\u0131k 2025 tarihlerinde&#8230;<\/p>\n","protected":false},"author":1,"featured_media":1973,"comment_status":"closed","ping_status":"closed","sticky":false,"template":"","format":"standard","meta":{"footnotes":""},"categories":[1],"tags":[],"class_list":["post-1972","post","type-post","status-publish","format-standard","has-post-thumbnail","hentry","category-guncel"],"_links":{"self":[{"href":"https:\/\/ruhatv.org\/index.php\/wp-json\/wp\/v2\/posts\/1972","targetHints":{"allow":["GET"]}}],"collection":[{"href":"https:\/\/ruhatv.org\/index.php\/wp-json\/wp\/v2\/posts"}],"about":[{"href":"https:\/\/ruhatv.org\/index.php\/wp-json\/wp\/v2\/types\/post"}],"author":[{"embeddable":true,"href":"https:\/\/ruhatv.org\/index.php\/wp-json\/wp\/v2\/users\/1"}],"replies":[{"embeddable":true,"href":"https:\/\/ruhatv.org\/index.php\/wp-json\/wp\/v2\/comments?post=1972"}],"version-history":[{"count":0,"href":"https:\/\/ruhatv.org\/index.php\/wp-json\/wp\/v2\/posts\/1972\/revisions"}],"wp:featuredmedia":[{"embeddable":true,"href":"https:\/\/ruhatv.org\/index.php\/wp-json\/wp\/v2\/media\/1973"}],"wp:attachment":[{"href":"https:\/\/ruhatv.org\/index.php\/wp-json\/wp\/v2\/media?parent=1972"}],"wp:term":[{"taxonomy":"category","embeddable":true,"href":"https:\/\/ruhatv.org\/index.php\/wp-json\/wp\/v2\/categories?post=1972"},{"taxonomy":"post_tag","embeddable":true,"href":"https:\/\/ruhatv.org\/index.php\/wp-json\/wp\/v2\/tags?post=1972"}],"curies":[{"name":"wp","href":"https:\/\/api.w.org\/{rel}","templated":true}]}}