{"id":2751,"date":"2025-12-25T18:31:00","date_gmt":"2025-12-25T18:31:00","guid":{"rendered":"https:\/\/ruhatv.org\/index.php\/2025\/12\/25\/binlerce-vatandas-regaip-kandili-icin-balikligolde-bulustu\/"},"modified":"2025-12-25T18:31:00","modified_gmt":"2025-12-25T18:31:00","slug":"binlerce-vatandas-regaip-kandili-icin-balikligolde-bulustu","status":"publish","type":"post","link":"https:\/\/ruhatv.org\/index.php\/2025\/12\/25\/binlerce-vatandas-regaip-kandili-icin-balikligolde-bulustu\/","title":{"rendered":"Binlerce Vatanda\u015f Regaip Kandili \u0130\u00e7in Bal\u0131kl\u0131g\u00f6l\u2019de Bulu\u015ftu"},"content":{"rendered":"<p>\u015eanl\u0131urfa&#8217;da Regaip Kandili dolay\u0131s\u0131yla binlerce vatanda\u015f, Bal\u0131kl\u0131g\u00f6l&#8217;deki Dergah Camisi&#8217;ne ak\u0131n etti.<br \/> Regaip Kandili dolay\u0131s\u0131yla Bal\u0131kl\u0131g\u00f6l platosunda yer alan Dergah Camisi&#8217;nde yo\u011funluk ya\u015fand\u0131. \u0130l M\u00fcft\u00fcl\u00fc\u011f\u00fc taraf\u0131ndan d\u00fczenlenen programda yats\u0131 namaz\u0131 \u00f6ncesi vaaz verildi. Kente il\u00e7elerden ve \u00e7evre illerden gelen vatanda\u015flar, k\u0131l\u0131nan yats\u0131 namaz\u0131n\u0131n ard\u0131ndan okunan dualara &#8220;amin&#8221; dedi. Namaz sonras\u0131 \u00e7e\u015fitli dernekler taraf\u0131ndan ikramlar yap\u0131ld\u0131.<\/p>\n<p><img loading=\"lazy\" decoding=\"async\" alt=\"Binlerce Vatanda\u015f Regaip Kandili \u0130\u00e7in Bal\u0131kl\u0131g\u00f6l\u2019de Bulu\u015ftu\" class=\"mx-auto max-w-full h-auto shadow-sm\" height=\"675\" src=\"https:\/\/www.urfahaber.com\/images\/uploads\/2025\/12\/aw606502-01-694d8eac9b788.jpg\" width=\"1200\" \/><\/p>\n<p><img loading=\"lazy\" decoding=\"async\" alt=\"Binlerce Vatanda\u015f Regaip Kandili \u0130\u00e7in Bal\u0131kl\u0131g\u00f6l\u2019de Bulu\u015ftu\" class=\"mx-auto max-w-full h-auto shadow-sm\" height=\"675\" src=\"https:\/\/www.urfahaber.com\/images\/uploads\/2025\/12\/aw606502-03-694d8ec3d3983.jpg\" width=\"1200\" \/><\/p>\n<p>KAYNAK:\u0130HA<\/p>\n","protected":false},"excerpt":{"rendered":"<p>\u015eanl\u0131urfa&#8217;da Regaip Kandili dolay\u0131s\u0131yla binlerce vatanda\u015f, Bal\u0131kl\u0131g\u00f6l&#8217;deki Dergah Camisi&#8217;ne ak\u0131n etti. Regaip Kandili dolay\u0131s\u0131yla Bal\u0131kl\u0131g\u00f6l&#8230;<\/p>\n","protected":false},"author":1,"featured_media":2752,"comment_status":"closed","ping_status":"closed","sticky":false,"template":"","format":"standard","meta":{"footnotes":""},"categories":[1],"tags":[],"class_list":["post-2751","post","type-post","status-publish","format-standard","has-post-thumbnail","hentry","category-guncel"],"_links":{"self":[{"href":"https:\/\/ruhatv.org\/index.php\/wp-json\/wp\/v2\/posts\/2751","targetHints":{"allow":["GET"]}}],"collection":[{"href":"https:\/\/ruhatv.org\/index.php\/wp-json\/wp\/v2\/posts"}],"about":[{"href":"https:\/\/ruhatv.org\/index.php\/wp-json\/wp\/v2\/types\/post"}],"author":[{"embeddable":true,"href":"https:\/\/ruhatv.org\/index.php\/wp-json\/wp\/v2\/users\/1"}],"replies":[{"embeddable":true,"href":"https:\/\/ruhatv.org\/index.php\/wp-json\/wp\/v2\/comments?post=2751"}],"version-history":[{"count":0,"href":"https:\/\/ruhatv.org\/index.php\/wp-json\/wp\/v2\/posts\/2751\/revisions"}],"wp:featuredmedia":[{"embeddable":true,"href":"https:\/\/ruhatv.org\/index.php\/wp-json\/wp\/v2\/media\/2752"}],"wp:attachment":[{"href":"https:\/\/ruhatv.org\/index.php\/wp-json\/wp\/v2\/media?parent=2751"}],"wp:term":[{"taxonomy":"category","embeddable":true,"href":"https:\/\/ruhatv.org\/index.php\/wp-json\/wp\/v2\/categories?post=2751"},{"taxonomy":"post_tag","embeddable":true,"href":"https:\/\/ruhatv.org\/index.php\/wp-json\/wp\/v2\/tags?post=2751"}],"curies":[{"name":"wp","href":"https:\/\/api.w.org\/{rel}","templated":true}]}}