{"id":2968,"date":"2025-12-29T14:48:00","date_gmt":"2025-12-29T14:48:00","guid":{"rendered":"https:\/\/ruhatv.org\/index.php\/2025\/12\/29\/son-dakika-gazeteci-fatih-altayli-tahliye-edildi\/"},"modified":"2025-12-29T14:48:00","modified_gmt":"2025-12-29T14:48:00","slug":"son-dakika-gazeteci-fatih-altayli-tahliye-edildi","status":"publish","type":"post","link":"https:\/\/ruhatv.org\/index.php\/2025\/12\/29\/son-dakika-gazeteci-fatih-altayli-tahliye-edildi\/","title":{"rendered":"Son Dakika: Gazeteci Fatih Altayl\u0131 Tahliye Edildi!"},"content":{"rendered":"<p>Gazeteci Fatih Altayl\u0131, YouTube yay\u0131n\u0131nda kulland\u0131\u011f\u0131 ifadeler nedeniyle \u201cCumhurba\u015fkan\u0131na Tehdit\u201d su\u00e7lamas\u0131yla tutuklanm\u0131\u015ft\u0131. 26 Kas\u0131m\u2019daki ilk duru\u015fmada tutukluluk karar\u0131 verilmi\u015fti.<\/p>\n<p><img loading=\"lazy\" decoding=\"async\" alt=\"Son Dakika: Gazeteci Fatih Altayl\u0131 Tahliye Edildi!\" class=\"mx-auto max-w-full h-auto shadow-sm\" height=\"673\" src=\"https:\/\/www.urfahaber.com\/images\/uploads\/2025\/12\/fytguos-6952963411d45.jpg\" width=\"1200\" \/><\/p>\n<p>\u0130stanbul 26. A\u011f\u0131r Ceza Mahkemesi\u2019nde g\u00f6r\u00fclen ve Altayl\u0131\u2019n\u0131n 4 y\u0131l 2 ay hapis cezas\u0131 ald\u0131\u011f\u0131 dava, istinaf mahkemesine ta\u015f\u0131nd\u0131.<\/p>\n<p>\u0130stanbul B\u00f6lge Adliye Mahkemesi 2. Ceza Dairesi, san\u0131k avukatlar\u0131n\u0131n tahliye talebini inceledi. 22 Haziran\u2019dan bu yana tutuklu bulunan Altayl\u0131, Silivri\u2019de g\u00f6r\u00fclen duru\u015fmada ikinci kez hakim kar\u015f\u0131s\u0131na \u00e7\u0131kt\u0131.<\/p>\n<p>Mahkeme, su\u00e7un niteli\u011fi, delillerin tamamlanm\u0131\u015f olmas\u0131, ka\u00e7ma \u015f\u00fcphesinin bulunmamas\u0131 ve san\u0131\u011f\u0131n tutukluluk s\u00fcresini dikkate alarak Fatih Altayl\u0131\u2019n\u0131n tahliyesine karar verdi.<\/p>\n<p>kaynak:iha<\/p>\n","protected":false},"excerpt":{"rendered":"<p>Gazeteci Fatih Altayl\u0131, YouTube yay\u0131n\u0131nda kulland\u0131\u011f\u0131 ifadeler nedeniyle \u201cCumhurba\u015fkan\u0131na Tehdit\u201d su\u00e7lamas\u0131yla tutuklanm\u0131\u015ft\u0131. 26 Kas\u0131m\u2019daki ilk&#8230;<\/p>\n","protected":false},"author":1,"featured_media":2969,"comment_status":"closed","ping_status":"closed","sticky":false,"template":"","format":"standard","meta":{"footnotes":""},"categories":[1],"tags":[],"class_list":["post-2968","post","type-post","status-publish","format-standard","has-post-thumbnail","hentry","category-guncel"],"_links":{"self":[{"href":"https:\/\/ruhatv.org\/index.php\/wp-json\/wp\/v2\/posts\/2968","targetHints":{"allow":["GET"]}}],"collection":[{"href":"https:\/\/ruhatv.org\/index.php\/wp-json\/wp\/v2\/posts"}],"about":[{"href":"https:\/\/ruhatv.org\/index.php\/wp-json\/wp\/v2\/types\/post"}],"author":[{"embeddable":true,"href":"https:\/\/ruhatv.org\/index.php\/wp-json\/wp\/v2\/users\/1"}],"replies":[{"embeddable":true,"href":"https:\/\/ruhatv.org\/index.php\/wp-json\/wp\/v2\/comments?post=2968"}],"version-history":[{"count":0,"href":"https:\/\/ruhatv.org\/index.php\/wp-json\/wp\/v2\/posts\/2968\/revisions"}],"wp:featuredmedia":[{"embeddable":true,"href":"https:\/\/ruhatv.org\/index.php\/wp-json\/wp\/v2\/media\/2969"}],"wp:attachment":[{"href":"https:\/\/ruhatv.org\/index.php\/wp-json\/wp\/v2\/media?parent=2968"}],"wp:term":[{"taxonomy":"category","embeddable":true,"href":"https:\/\/ruhatv.org\/index.php\/wp-json\/wp\/v2\/categories?post=2968"},{"taxonomy":"post_tag","embeddable":true,"href":"https:\/\/ruhatv.org\/index.php\/wp-json\/wp\/v2\/tags?post=2968"}],"curies":[{"name":"wp","href":"https:\/\/api.w.org\/{rel}","templated":true}]}}