{"id":2980,"date":"2025-12-29T19:23:00","date_gmt":"2025-12-29T19:23:00","guid":{"rendered":"https:\/\/ruhatv.org\/index.php\/2025\/12\/29\/harran-universitesinden-dikkat-ceken-karar\/"},"modified":"2025-12-29T19:23:00","modified_gmt":"2025-12-29T19:23:00","slug":"harran-universitesinden-dikkat-ceken-karar","status":"publish","type":"post","link":"https:\/\/ruhatv.org\/index.php\/2025\/12\/29\/harran-universitesinden-dikkat-ceken-karar\/","title":{"rendered":"Harran \u00dcniversitesi\u2019nden Dikkat \u00c7eken Karar"},"content":{"rendered":"<p>\u015eanl\u0131urfa\u2019da hava \u015fartlar\u0131 alarm verdi, Harran \u00dcniversitesi\u2019nden dikkat \u00e7eken a\u00e7\u0131klama geldi.<\/p>\n<p>\u015eanl\u0131urfa\u00a0\u00a0Harran \u00dcniversitesi, il genelinde devam eden ve \u00f6n\u00fcm\u00fczdeki g\u00fcnlerde beklenen olumsuz hava ko\u015fullar\u0131 nedeniyle e\u011fitim-\u00f6\u011fretim faaliyetlerine ara verildi\u011fini duyurdu.<\/p>\n<p><img loading=\"lazy\" decoding=\"async\" alt=\"Harran \u00dcniversitesi\u2019nden Dikkat \u00c7eken Karar\" class=\"mx-auto max-w-full h-auto shadow-sm\" height=\"656\" src=\"https:\/\/www.urfahaber.com\/images\/uploads\/2025\/12\/fhghn-6952d3a663477.jpg\" width=\"1200\" \/><br \/> <strong>Kar Ya\u011f\u0131\u015f\u0131 ve Buzlanma Etkili Oldu<\/strong><br \/> \u00dcniversitenin resmi internet sayfas\u0131ndan yap\u0131lan a\u00e7\u0131klamada; kar ya\u011f\u0131\u015f\u0131 ve buzlanma nedeniyle e\u011fitim-\u00f6\u011fretim faaliyetleri ile yar\u0131y\u0131l sonu s\u0131navlar\u0131nda telafisi m\u00fcmk\u00fcn olmayan sonu\u00e7lar\u0131n ya\u015fanmamas\u0131 amac\u0131yla bu karar\u0131n al\u0131nd\u0131\u011f\u0131 belirtildi.<br \/> <strong>E\u011fitim ve S\u0131navlara 29 Aral\u0131k\u20132 Ocak Aras\u0131 Ara<\/strong><br \/> A\u00e7\u0131klamaya g\u00f6re, \u015eanl\u0131urfa\u2019daki Harran \u00dcniversitesi\u2019nin t\u00fcm akademik birimlerinde e\u011fitim-\u00f6\u011fretim faaliyetleri ve yar\u0131y\u0131l sonu s\u0131navlar\u0131na 29 Aral\u0131k 2025 \u2013 02 Ocak 2026 tarihleri aras\u0131nda 5 g\u00fcn s\u00fcreyle ara verildi.<\/p>\n<p><img loading=\"lazy\" decoding=\"async\" alt=\"Harran \u00dcniversitesi\u2019nden Dikkat \u00c7eken Karar\" class=\"mx-auto max-w-full h-auto shadow-sm\" height=\"730\" src=\"https:\/\/www.urfahaber.com\/images\/uploads\/2025\/12\/gbgb-6952d5c9271ac.jpg\" width=\"1130\" \/><br \/> <strong>Final ve B\u00fct\u00fcnleme S\u0131nav Tarihleri A\u00e7\u0131kland\u0131<\/strong><br \/> Yar\u0131y\u0131l sonu final s\u0131navlar\u0131n\u0131n 05\u201316 Ocak 2026, b\u00fct\u00fcnleme s\u0131navlar\u0131n\u0131n ise 19\u201330 Ocak 2026 tarihleri aras\u0131nda ger\u00e7ekle\u015ftirilece\u011fi bildirildi.<br \/> G\u00fcncellenmi\u015f Akademik Takvim \u0130nternette Yay\u0131mlanacak<br \/> \u00dcniversite y\u00f6netimi, 2025\u20132026 e\u011fitim-\u00f6\u011fretim y\u0131l\u0131na ait g\u00fcncellenmi\u015f akademik takvimin \u00fcniversitenin resmi internet sayfas\u0131nda yay\u0131mlanaca\u011f\u0131n\u0131 a\u00e7\u0131klad\u0131.<\/p>\n<p><img loading=\"lazy\" decoding=\"async\" alt=\"Harran \u00dcniversitesi\u2019nden Dikkat \u00c7eken Karar\" class=\"mx-auto max-w-full h-auto shadow-sm\" height=\"462\" src=\"https:\/\/www.urfahaber.com\/images\/uploads\/2025\/12\/whatsapp-image-2025-12-29-at-214940-6952d38ca0c58.jpeg\" width=\"828\" \/><\/p>\n<p> \u00a0<\/p>\n","protected":false},"excerpt":{"rendered":"<p>\u015eanl\u0131urfa\u2019da hava \u015fartlar\u0131 alarm verdi, Harran \u00dcniversitesi\u2019nden dikkat \u00e7eken a\u00e7\u0131klama geldi. \u015eanl\u0131urfa\u00a0\u00a0Harran \u00dcniversitesi, il genelinde&#8230;<\/p>\n","protected":false},"author":1,"featured_media":2981,"comment_status":"closed","ping_status":"closed","sticky":false,"template":"","format":"standard","meta":{"footnotes":""},"categories":[1],"tags":[],"class_list":["post-2980","post","type-post","status-publish","format-standard","has-post-thumbnail","hentry","category-guncel"],"_links":{"self":[{"href":"https:\/\/ruhatv.org\/index.php\/wp-json\/wp\/v2\/posts\/2980","targetHints":{"allow":["GET"]}}],"collection":[{"href":"https:\/\/ruhatv.org\/index.php\/wp-json\/wp\/v2\/posts"}],"about":[{"href":"https:\/\/ruhatv.org\/index.php\/wp-json\/wp\/v2\/types\/post"}],"author":[{"embeddable":true,"href":"https:\/\/ruhatv.org\/index.php\/wp-json\/wp\/v2\/users\/1"}],"replies":[{"embeddable":true,"href":"https:\/\/ruhatv.org\/index.php\/wp-json\/wp\/v2\/comments?post=2980"}],"version-history":[{"count":0,"href":"https:\/\/ruhatv.org\/index.php\/wp-json\/wp\/v2\/posts\/2980\/revisions"}],"wp:featuredmedia":[{"embeddable":true,"href":"https:\/\/ruhatv.org\/index.php\/wp-json\/wp\/v2\/media\/2981"}],"wp:attachment":[{"href":"https:\/\/ruhatv.org\/index.php\/wp-json\/wp\/v2\/media?parent=2980"}],"wp:term":[{"taxonomy":"category","embeddable":true,"href":"https:\/\/ruhatv.org\/index.php\/wp-json\/wp\/v2\/categories?post=2980"},{"taxonomy":"post_tag","embeddable":true,"href":"https:\/\/ruhatv.org\/index.php\/wp-json\/wp\/v2\/tags?post=2980"}],"curies":[{"name":"wp","href":"https:\/\/api.w.org\/{rel}","templated":true}]}}