{"id":3013,"date":"2025-12-30T16:30:00","date_gmt":"2025-12-30T16:30:00","guid":{"rendered":"https:\/\/ruhatv.org\/index.php\/2025\/12\/30\/sanliurfa-valisi-acikladi-kar-nedeniyle-egitime-1-gun-ara\/"},"modified":"2025-12-30T16:30:00","modified_gmt":"2025-12-30T16:30:00","slug":"sanliurfa-valisi-acikladi-kar-nedeniyle-egitime-1-gun-ara","status":"publish","type":"post","link":"https:\/\/ruhatv.org\/index.php\/2025\/12\/30\/sanliurfa-valisi-acikladi-kar-nedeniyle-egitime-1-gun-ara\/","title":{"rendered":"\u015eanl\u0131urfa Valisi a\u00e7\u0131klad\u0131: Kar nedeniyle e\u011fitime 1 g\u00fcn ara"},"content":{"rendered":"<p>Valilik, yap\u0131lan son meteorolojik de\u011ferlendirmeler do\u011frultusunda sabah erken saatlerden itibaren il genelinde yo\u011fun kar ya\u011f\u0131\u015f\u0131 beklendi\u011fini duyurdu. A\u00e7\u0131klamada, \u00f6zellikle ula\u015f\u0131mda ya\u015fanabilecek olumsuzluklar ve riskler g\u00f6z \u00f6n\u00fcnde bulundurularak tedbir al\u0131nd\u0131\u011f\u0131 belirtildi.<\/p>\n<p><strong>T\u00dcM E\u011e\u0130T\u0130M KURUMLARINDA TAT\u0130L KARARI<\/strong><\/p>\n<p>Valilik a\u00e7\u0131klamas\u0131nda, il genelindeki t\u00fcm resmi ve \u00f6zel e\u011fitim kurumlar\u0131 ile kre\u015f ve g\u00fcnd\u00fcz bak\u0131m evlerinde, 31 Aral\u0131k 2025 \u00c7ar\u015famba g\u00fcn\u00fc e\u011fitim ve \u00f6\u011fretime 1 g\u00fcn s\u00fcreyle ara verildi\u011fi ifade edildi.<\/p>\n<p><strong>KAMU PERSONEL\u0130NE \u0130DAR\u0130 \u0130Z\u0130N<\/strong><\/p>\n<p>Ayr\u0131ca Valilik taraf\u0131ndan yap\u0131lan duyuruda, kamu kurum ve kurulu\u015flar\u0131nda g\u00f6rev yapan engelli personel, kronik rahats\u0131zl\u0131\u011f\u0131 bulunan \u00e7al\u0131\u015fanlar ile hamile personelin de ayn\u0131 g\u00fcn 1 g\u00fcn s\u00fcreyle idari izinli say\u0131laca\u011f\u0131 bildirildi.<\/p>\n<p><strong>VATANDA\u015eLARA TEDB\u0130R \u00c7A\u011eRISI<\/strong><\/p>\n<p>Valilik, yo\u011fun kar ya\u011f\u0131\u015f\u0131 s\u00fcresince vatanda\u015flar\u0131n dikkatli ve tedbirli olmalar\u0131n\u0131, zorunlu olmad\u0131k\u00e7a trafi\u011fe \u00e7\u0131kmamalar\u0131n\u0131 istedi.<\/p>\n<p><img loading=\"lazy\" decoding=\"async\" alt=\"\u015eanl\u0131urfa Valisi a\u00e7\u0131klad\u0131: Kar nedeniyle e\u011fitime 1 g\u00fcn ara\" class=\"mx-auto max-w-full h-auto shadow-sm\" height=\"880\" src=\"https:\/\/www.urfahaber.com\/images\/uploads\/2025\/12\/lkt-shash-2025-12-30-191055-6953fda609e68.png\" width=\"708\" \/><\/p>\n","protected":false},"excerpt":{"rendered":"<p>Valilik, yap\u0131lan son meteorolojik de\u011ferlendirmeler do\u011frultusunda sabah erken saatlerden itibaren il genelinde yo\u011fun kar ya\u011f\u0131\u015f\u0131&#8230;<\/p>\n","protected":false},"author":1,"featured_media":3014,"comment_status":"closed","ping_status":"closed","sticky":false,"template":"","format":"standard","meta":{"footnotes":""},"categories":[1],"tags":[],"class_list":["post-3013","post","type-post","status-publish","format-standard","has-post-thumbnail","hentry","category-guncel"],"_links":{"self":[{"href":"https:\/\/ruhatv.org\/index.php\/wp-json\/wp\/v2\/posts\/3013","targetHints":{"allow":["GET"]}}],"collection":[{"href":"https:\/\/ruhatv.org\/index.php\/wp-json\/wp\/v2\/posts"}],"about":[{"href":"https:\/\/ruhatv.org\/index.php\/wp-json\/wp\/v2\/types\/post"}],"author":[{"embeddable":true,"href":"https:\/\/ruhatv.org\/index.php\/wp-json\/wp\/v2\/users\/1"}],"replies":[{"embeddable":true,"href":"https:\/\/ruhatv.org\/index.php\/wp-json\/wp\/v2\/comments?post=3013"}],"version-history":[{"count":0,"href":"https:\/\/ruhatv.org\/index.php\/wp-json\/wp\/v2\/posts\/3013\/revisions"}],"wp:featuredmedia":[{"embeddable":true,"href":"https:\/\/ruhatv.org\/index.php\/wp-json\/wp\/v2\/media\/3014"}],"wp:attachment":[{"href":"https:\/\/ruhatv.org\/index.php\/wp-json\/wp\/v2\/media?parent=3013"}],"wp:term":[{"taxonomy":"category","embeddable":true,"href":"https:\/\/ruhatv.org\/index.php\/wp-json\/wp\/v2\/categories?post=3013"},{"taxonomy":"post_tag","embeddable":true,"href":"https:\/\/ruhatv.org\/index.php\/wp-json\/wp\/v2\/tags?post=3013"}],"curies":[{"name":"wp","href":"https:\/\/api.w.org\/{rel}","templated":true}]}}