{"id":3056,"date":"2025-12-31T11:42:00","date_gmt":"2025-12-31T11:42:00","guid":{"rendered":"https:\/\/ruhatv.org\/index.php\/2025\/12\/31\/tipi-ve-kar-sanliurfayi-felc-etti-vali-sildak-uyardi\/"},"modified":"2025-12-31T11:42:00","modified_gmt":"2025-12-31T11:42:00","slug":"tipi-ve-kar-sanliurfayi-felc-etti-vali-sildak-uyardi","status":"publish","type":"post","link":"https:\/\/ruhatv.org\/index.php\/2025\/12\/31\/tipi-ve-kar-sanliurfayi-felc-etti-vali-sildak-uyardi\/","title":{"rendered":"Tipi ve Kar \u015eanl\u0131urfa\u2019y\u0131 Fel\u00e7 Etti, Vali \u015e\u0131ldak Uyard\u0131"},"content":{"rendered":"<p>\u015eanl\u0131urfa Valisi Hasan \u015e\u0131ldak, yo\u011fun kar ya\u011f\u0131\u015f\u0131 ve tipi nedeniyle trafik g\u00fcvenli\u011fi a\u00e7\u0131s\u0131ndan baz\u0131 yollar\u0131n ge\u00e7ici olarak ara\u00e7 trafi\u011fine kapat\u0131ld\u0131\u011f\u0131n\u0131 duyurdu.<\/p>\n<p><strong>HANG\u0130 YOLLAR KAPATILDI?<\/strong><\/p>\n<p>Vali \u015e\u0131ldak\u2019\u0131n sosyal medya hesab\u0131ndan yapt\u0131\u011f\u0131 payla\u015f\u0131mda;<\/p>\n<p>Viran\u015fehir\u2013Diyarbak\u0131r Yolu Demirci Mevkii 0-68 km aras\u0131<\/p>\n<p>G\u00fcneybat\u0131 \u00c7evre Yolu Al\u0131m-Sat\u0131m Kav\u015fa\u011f\u0131 \u2013 Ak\u00e7akale Kav\u015fa\u011f\u0131 31-40 km aras\u0131<\/p>\n<p>Siverek\u2013Kahta Yolu 0-38 km aras\u0131<\/p>\n<p>\u015eanl\u0131urfa\u2013Ad\u0131yaman Karayolu<\/p>\n<p>Siverek\u2013\u00c7ermik Yolu 0-57 km aras\u0131<\/p>\n<p>yo\u011fun kar ve tipi nedeniyle ge\u00e7ici olarak ara\u00e7 trafi\u011fine kapat\u0131ld\u0131.<\/p>\n<p><strong>TIR VE KAMYONLARA KISITLAMA<\/strong><\/p>\n<p>Ayr\u0131ca,\u00a0b\u00fct\u00fcn otoyol ba\u011flant\u0131 yollar\u0131n\u0131n t\u0131r ve kamyon ge\u00e7i\u015flerine kapat\u0131ld\u0131\u011f\u0131\u00a0bildirildi. Yetkililer, s\u00fcr\u00fcc\u00fcleri zorunlu olmad\u0131k\u00e7a yola \u00e7\u0131kmamalar\u0131 konusunda uyard\u0131.<\/p>\n<p><img loading=\"lazy\" decoding=\"async\" alt=\"Tipi ve Kar \u015eanl\u0131urfa\u2019y\u0131 Fel\u00e7 etti, Vali \u015e\u0131ldak Uyard\u0131\" class=\"mx-auto max-w-full h-auto shadow-sm\" height=\"708\" src=\"https:\/\/www.urfahaber.com\/images\/uploads\/2025\/12\/hassso-69550b7f7f014.jpg\" width=\"1184\" \/><\/p>\n","protected":false},"excerpt":{"rendered":"<p>\u015eanl\u0131urfa Valisi Hasan \u015e\u0131ldak, yo\u011fun kar ya\u011f\u0131\u015f\u0131 ve tipi nedeniyle trafik g\u00fcvenli\u011fi a\u00e7\u0131s\u0131ndan baz\u0131 yollar\u0131n&#8230;<\/p>\n","protected":false},"author":1,"featured_media":3057,"comment_status":"closed","ping_status":"closed","sticky":false,"template":"","format":"standard","meta":{"footnotes":""},"categories":[1],"tags":[],"class_list":["post-3056","post","type-post","status-publish","format-standard","has-post-thumbnail","hentry","category-guncel"],"_links":{"self":[{"href":"https:\/\/ruhatv.org\/index.php\/wp-json\/wp\/v2\/posts\/3056","targetHints":{"allow":["GET"]}}],"collection":[{"href":"https:\/\/ruhatv.org\/index.php\/wp-json\/wp\/v2\/posts"}],"about":[{"href":"https:\/\/ruhatv.org\/index.php\/wp-json\/wp\/v2\/types\/post"}],"author":[{"embeddable":true,"href":"https:\/\/ruhatv.org\/index.php\/wp-json\/wp\/v2\/users\/1"}],"replies":[{"embeddable":true,"href":"https:\/\/ruhatv.org\/index.php\/wp-json\/wp\/v2\/comments?post=3056"}],"version-history":[{"count":0,"href":"https:\/\/ruhatv.org\/index.php\/wp-json\/wp\/v2\/posts\/3056\/revisions"}],"wp:featuredmedia":[{"embeddable":true,"href":"https:\/\/ruhatv.org\/index.php\/wp-json\/wp\/v2\/media\/3057"}],"wp:attachment":[{"href":"https:\/\/ruhatv.org\/index.php\/wp-json\/wp\/v2\/media?parent=3056"}],"wp:term":[{"taxonomy":"category","embeddable":true,"href":"https:\/\/ruhatv.org\/index.php\/wp-json\/wp\/v2\/categories?post=3056"},{"taxonomy":"post_tag","embeddable":true,"href":"https:\/\/ruhatv.org\/index.php\/wp-json\/wp\/v2\/tags?post=3056"}],"curies":[{"name":"wp","href":"https:\/\/api.w.org\/{rel}","templated":true}]}}