{"id":3641,"date":"2026-01-12T10:38:00","date_gmt":"2026-01-12T10:38:00","guid":{"rendered":"https:\/\/ruhatv.org\/index.php\/2026\/01\/12\/otobus-otomobili-kagit-gibi-ezdi-3-olu-1-yarali\/"},"modified":"2026-01-12T10:38:00","modified_gmt":"2026-01-12T10:38:00","slug":"otobus-otomobili-kagit-gibi-ezdi-3-olu-1-yarali","status":"publish","type":"post","link":"https:\/\/ruhatv.org\/index.php\/2026\/01\/12\/otobus-otomobili-kagit-gibi-ezdi-3-olu-1-yarali\/","title":{"rendered":"Otob\u00fcs Otomobili Ka\u011f\u0131t Gibi Ezdi: 3 \u00d6l\u00fc, 1 Yaral\u0131"},"content":{"rendered":"<p>Kaza,\u00a0Ad\u0131yaman\u00a0Kahta kara yolunda meydana geldi. 02 ACU 651 plakal\u0131 Volkswagen marka otomobil, 02 DG 353 plakal\u0131 \u00dcnal firmas\u0131na ait otob\u00fcs ile kafa kafaya \u00e7arp\u0131\u015ft\u0131.<\/p>\n<p><img loading=\"lazy\" decoding=\"async\" alt=\"Otob\u00fcs Otomobili Ka\u011f\u0131t Gibi Ezdi: 3 \u00d6l\u00fc, 1 Yaral\u0131\" class=\"mx-auto max-w-full h-auto shadow-sm\" height=\"675\" src=\"https:\/\/www.urfahaber.com\/images\/uploads\/2026\/01\/aw618395-01-6964ceecaf4fb.jpg\" width=\"1200\" \/><\/p>\n<p><strong>3 K\u0130\u015e\u0130 HAYATINI KAYBETT\u0130, 1 K\u0130\u015e\u0130 YARALANDI<\/strong><\/p>\n<p>\u00c7arp\u0131\u015fman\u0131n etkisiyle otomobil ka\u011f\u0131t gibi ezilirken, otomobilde bulunan Mahmut \u0130nci, Zahide Esen ve Yusuf \u0130nci olay yerinde hayat\u0131n\u0131 kaybetti, 1 ki\u015fi ise yaraland\u0131. Olay yerine \u00e7ok say\u0131da itfaiye, 112 ve polis ekibi sevk edilirken, kaza ile ilgili soru\u015fturma ba\u015flat\u0131ld\u0131<\/p>\n<p><img loading=\"lazy\" decoding=\"async\" alt=\"Otob\u00fcs Otomobili Ka\u011f\u0131t Gibi Ezdi: 3 \u00d6l\u00fc, 1 Yaral\u0131\" class=\"mx-auto max-w-full h-auto shadow-sm\" height=\"675\" src=\"https:\/\/www.urfahaber.com\/images\/uploads\/2026\/01\/aw618395-06-6964cf0216ad5.jpg\" width=\"1200\" \/><\/p>\n<p>KAYNAK:\u0130HA<\/p>\n","protected":false},"excerpt":{"rendered":"<p>Kaza,\u00a0Ad\u0131yaman\u00a0Kahta kara yolunda meydana geldi. 02 ACU 651 plakal\u0131 Volkswagen marka otomobil, 02 DG 353&#8230;<\/p>\n","protected":false},"author":1,"featured_media":3642,"comment_status":"closed","ping_status":"closed","sticky":false,"template":"","format":"standard","meta":{"footnotes":""},"categories":[1],"tags":[],"class_list":["post-3641","post","type-post","status-publish","format-standard","has-post-thumbnail","hentry","category-guncel"],"_links":{"self":[{"href":"https:\/\/ruhatv.org\/index.php\/wp-json\/wp\/v2\/posts\/3641","targetHints":{"allow":["GET"]}}],"collection":[{"href":"https:\/\/ruhatv.org\/index.php\/wp-json\/wp\/v2\/posts"}],"about":[{"href":"https:\/\/ruhatv.org\/index.php\/wp-json\/wp\/v2\/types\/post"}],"author":[{"embeddable":true,"href":"https:\/\/ruhatv.org\/index.php\/wp-json\/wp\/v2\/users\/1"}],"replies":[{"embeddable":true,"href":"https:\/\/ruhatv.org\/index.php\/wp-json\/wp\/v2\/comments?post=3641"}],"version-history":[{"count":0,"href":"https:\/\/ruhatv.org\/index.php\/wp-json\/wp\/v2\/posts\/3641\/revisions"}],"wp:featuredmedia":[{"embeddable":true,"href":"https:\/\/ruhatv.org\/index.php\/wp-json\/wp\/v2\/media\/3642"}],"wp:attachment":[{"href":"https:\/\/ruhatv.org\/index.php\/wp-json\/wp\/v2\/media?parent=3641"}],"wp:term":[{"taxonomy":"category","embeddable":true,"href":"https:\/\/ruhatv.org\/index.php\/wp-json\/wp\/v2\/categories?post=3641"},{"taxonomy":"post_tag","embeddable":true,"href":"https:\/\/ruhatv.org\/index.php\/wp-json\/wp\/v2\/tags?post=3641"}],"curies":[{"name":"wp","href":"https:\/\/api.w.org\/{rel}","templated":true}]}}