{"id":3951,"date":"2026-01-23T09:28:00","date_gmt":"2026-01-23T09:28:00","guid":{"rendered":"https:\/\/ruhatv.org\/index.php\/2026\/01\/23\/faciaya-ramak-kaldi-sanliurfada-kar-yagisi-nedeniyle-coktu\/"},"modified":"2026-01-23T09:28:00","modified_gmt":"2026-01-23T09:28:00","slug":"faciaya-ramak-kaldi-sanliurfada-kar-yagisi-nedeniyle-coktu","status":"publish","type":"post","link":"https:\/\/ruhatv.org\/index.php\/2026\/01\/23\/faciaya-ramak-kaldi-sanliurfada-kar-yagisi-nedeniyle-coktu\/","title":{"rendered":"Faciaya ramak kald\u0131! \u015eanl\u0131urfa\u2019da kar ya\u011f\u0131\u015f\u0131 nedeniyle \u00e7\u00f6kt\u00fc"},"content":{"rendered":"<p>\u015eanl\u0131urfa\u2019da kar ya\u011f\u0131\u015f\u0131 hayat\u0131 olumsuz etkilemeye devam ediyor.<\/p>\n<p>Meteoroloji Genel M\u00fcd\u00fcrl\u00fc\u011f\u00fcn\u00fcn (MGM) uyar\u0131lar\u0131n\u0131n ard\u0131ndan kentte yo\u011fun kar ya\u011f\u0131\u015f\u0131 etkili oldu.\u00a0<\/p>\n<p>Ya\u011f\u0131\u015fla birlikte baz\u0131 olumsuzlar da ya\u015fan\u0131rken, Suru\u00e7 il\u00e7esindeki Sanat Soka\u011f\u0131&#8217;n\u0131n \u00e7at\u0131s\u0131 y\u0131k\u0131ld\u0131.\u00a0<\/p>\n<p>Cumhuriyet Mahallesinde bulunan Sanat Soka\u011f\u0131&#8217;n\u0131n \u00e7at\u0131s\u0131n\u0131n \u00e7\u00f6kerken, ilk belirlemelere g\u00f6re, \u00f6len ya da yaralanan kimse olmad\u0131.\u00a0<\/p>\n<p>\u00c7at\u0131n\u0131n y\u0131k\u0131lmas\u0131n\u0131n ard\u0131ndan b\u00f6lgeye jandarma ve polis ekipleri y\u00f6nlendirildi. Olay yerine ula\u015fan ekipler g\u00fcvenlik \u00f6nlemi al\u0131rken, vatanda\u015flar da merakl\u0131 g\u00f6zlerle olan biteni izledi.<\/p>\n<p><img loading=\"lazy\" decoding=\"async\" alt=\"Faciaya ramak kald\u0131! \u015eanl\u0131urfa\u2019da kar ya\u011f\u0131\u015f\u0131 nedeniyle \u00e7\u00f6kt\u00fc\" class=\"mx-auto max-w-full h-auto shadow-sm\" height=\"558\" src=\"https:\/\/www.urfahaber.com\/images\/uploads\/2026\/01\/ekran-goruntusu-2026-01-23-123900-697342a01c400.png\" width=\"1000\" \/><\/p>\n","protected":false},"excerpt":{"rendered":"<p>\u015eanl\u0131urfa\u2019da kar ya\u011f\u0131\u015f\u0131 hayat\u0131 olumsuz etkilemeye devam ediyor. Meteoroloji Genel M\u00fcd\u00fcrl\u00fc\u011f\u00fcn\u00fcn (MGM) uyar\u0131lar\u0131n\u0131n ard\u0131ndan kentte&#8230;<\/p>\n","protected":false},"author":1,"featured_media":3952,"comment_status":"closed","ping_status":"closed","sticky":false,"template":"","format":"standard","meta":{"footnotes":""},"categories":[1],"tags":[],"class_list":["post-3951","post","type-post","status-publish","format-standard","has-post-thumbnail","hentry","category-guncel"],"_links":{"self":[{"href":"https:\/\/ruhatv.org\/index.php\/wp-json\/wp\/v2\/posts\/3951","targetHints":{"allow":["GET"]}}],"collection":[{"href":"https:\/\/ruhatv.org\/index.php\/wp-json\/wp\/v2\/posts"}],"about":[{"href":"https:\/\/ruhatv.org\/index.php\/wp-json\/wp\/v2\/types\/post"}],"author":[{"embeddable":true,"href":"https:\/\/ruhatv.org\/index.php\/wp-json\/wp\/v2\/users\/1"}],"replies":[{"embeddable":true,"href":"https:\/\/ruhatv.org\/index.php\/wp-json\/wp\/v2\/comments?post=3951"}],"version-history":[{"count":0,"href":"https:\/\/ruhatv.org\/index.php\/wp-json\/wp\/v2\/posts\/3951\/revisions"}],"wp:featuredmedia":[{"embeddable":true,"href":"https:\/\/ruhatv.org\/index.php\/wp-json\/wp\/v2\/media\/3952"}],"wp:attachment":[{"href":"https:\/\/ruhatv.org\/index.php\/wp-json\/wp\/v2\/media?parent=3951"}],"wp:term":[{"taxonomy":"category","embeddable":true,"href":"https:\/\/ruhatv.org\/index.php\/wp-json\/wp\/v2\/categories?post=3951"},{"taxonomy":"post_tag","embeddable":true,"href":"https:\/\/ruhatv.org\/index.php\/wp-json\/wp\/v2\/tags?post=3951"}],"curies":[{"name":"wp","href":"https:\/\/api.w.org\/{rel}","templated":true}]}}