{"id":4081,"date":"2026-01-27T18:29:00","date_gmt":"2026-01-27T18:29:00","guid":{"rendered":"https:\/\/ruhatv.org\/index.php\/2026\/01\/27\/afad-acikladi-iyon-denizinde-siddetli-deprem\/"},"modified":"2026-01-27T18:29:00","modified_gmt":"2026-01-27T18:29:00","slug":"afad-acikladi-iyon-denizinde-siddetli-deprem","status":"publish","type":"post","link":"https:\/\/ruhatv.org\/index.php\/2026\/01\/27\/afad-acikladi-iyon-denizinde-siddetli-deprem\/","title":{"rendered":"AFAD, a\u00e7\u0131klad\u0131; \u0130yon Denizi&#8217;nde \u015fiddetli deprem!"},"content":{"rendered":"<p>Afet ve Acil Durum Y\u00f6netimi Ba\u015fkanl\u0131\u011f\u0131 (AFAD) sosyal medya hesab\u0131ndan yapt\u0131\u011f\u0131 a\u00e7\u0131klamada \u0130yon Denizi\u2019nde 4.5 \u015fiddetinde deprem oldu. AFAD\u2019a g\u00f6re deprem yerin yakla\u015f\u0131k olarak 7 Km derinli\u011finde meydana geldi.<\/p>\n<p>\u00a0<\/p>\n<p>Depremle ilgili AFAD\u2019\u0131n sosyal medya payla\u015f\u0131m\u0131 \u015fu \u015fekilde;<\/p>\n<p><img loading=\"lazy\" decoding=\"async\" alt=\"AFAD, a\u00e7\u0131klad\u0131; \u0130yon Denizi'nde \u015fiddetli deprem\" class=\"mx-auto max-w-full h-auto shadow-sm\" height=\"549\" src=\"https:\/\/www.urfahaber.com\/images\/uploads\/2026\/01\/1000079196-697904ed32239.jpg\" width=\"719\" \/><\/p>\n","protected":false},"excerpt":{"rendered":"<p>Afet ve Acil Durum Y\u00f6netimi Ba\u015fkanl\u0131\u011f\u0131 (AFAD) sosyal medya hesab\u0131ndan yapt\u0131\u011f\u0131 a\u00e7\u0131klamada \u0130yon Denizi\u2019nde 4.5&#8230;<\/p>\n","protected":false},"author":1,"featured_media":4082,"comment_status":"closed","ping_status":"closed","sticky":false,"template":"","format":"standard","meta":{"footnotes":""},"categories":[1],"tags":[],"class_list":["post-4081","post","type-post","status-publish","format-standard","has-post-thumbnail","hentry","category-guncel"],"_links":{"self":[{"href":"https:\/\/ruhatv.org\/index.php\/wp-json\/wp\/v2\/posts\/4081","targetHints":{"allow":["GET"]}}],"collection":[{"href":"https:\/\/ruhatv.org\/index.php\/wp-json\/wp\/v2\/posts"}],"about":[{"href":"https:\/\/ruhatv.org\/index.php\/wp-json\/wp\/v2\/types\/post"}],"author":[{"embeddable":true,"href":"https:\/\/ruhatv.org\/index.php\/wp-json\/wp\/v2\/users\/1"}],"replies":[{"embeddable":true,"href":"https:\/\/ruhatv.org\/index.php\/wp-json\/wp\/v2\/comments?post=4081"}],"version-history":[{"count":0,"href":"https:\/\/ruhatv.org\/index.php\/wp-json\/wp\/v2\/posts\/4081\/revisions"}],"wp:featuredmedia":[{"embeddable":true,"href":"https:\/\/ruhatv.org\/index.php\/wp-json\/wp\/v2\/media\/4082"}],"wp:attachment":[{"href":"https:\/\/ruhatv.org\/index.php\/wp-json\/wp\/v2\/media?parent=4081"}],"wp:term":[{"taxonomy":"category","embeddable":true,"href":"https:\/\/ruhatv.org\/index.php\/wp-json\/wp\/v2\/categories?post=4081"},{"taxonomy":"post_tag","embeddable":true,"href":"https:\/\/ruhatv.org\/index.php\/wp-json\/wp\/v2\/tags?post=4081"}],"curies":[{"name":"wp","href":"https:\/\/api.w.org\/{rel}","templated":true}]}}