{"id":485,"date":"2025-11-08T08:09:00","date_gmt":"2025-11-08T08:09:00","guid":{"rendered":"https:\/\/ruhatv.org\/index.php\/2025\/11\/08\/sanliurfada-esrarengiz-yangin-aniden-durdu\/"},"modified":"2025-11-08T08:09:00","modified_gmt":"2025-11-08T08:09:00","slug":"sanliurfada-esrarengiz-yangin-aniden-durdu","status":"publish","type":"post","link":"https:\/\/ruhatv.org\/index.php\/2025\/11\/08\/sanliurfada-esrarengiz-yangin-aniden-durdu\/","title":{"rendered":"\u015eanl\u0131urfa\u2019da Esrarengiz Yang\u0131n Aniden Durdu"},"content":{"rendered":"<p>\u015eanl\u0131urfa&#8217;n\u0131n Ceylanp\u0131nar il\u00e7esinde, nedeni hen\u00fcz belirlenemeyen ve bir haftad\u0131r tekrar eden yang\u0131nlar y\u00fcz\u00fcnden vatanda\u015flar seferber oldu.<\/p>\n<p><strong>Evdeki Yang\u0131nlar Nedeniyle Aile Bo\u015faltmak Zorunda Kald\u0131<\/strong><\/p>\n<p>Ceylanp\u0131nar il\u00e7esine ba\u011fl\u0131 k\u0131rsal Maden Mahallesi\u2019nde 8 ki\u015filik bir ailenin evinde, g\u00fcn i\u00e7erisinde defalarca e\u015fyalar kendi kendine tutu\u015ftu. Aile, evlerini bo\u015faltmak zorunda kald\u0131.<\/p>\n<p><strong>Kom\u015fular\u0131n Evlerinde de Yang\u0131n Ba\u015flad\u0131<\/strong><\/p>\n<p>D\u0131\u015far\u0131 \u00e7\u0131kartt\u0131klar\u0131 e\u015fyalar\u0131n kendi kendine tutu\u015fmas\u0131yla, ailenin gece s\u0131\u011f\u0131nd\u0131\u011f\u0131 kom\u015fular\u0131nda da yang\u0131nlar ba\u015flad\u0131. Mahalle halk\u0131, durum kar\u015f\u0131s\u0131nda endi\u015feye kap\u0131ld\u0131.<\/p>\n<p><strong>Vatanda\u015flar Dua ve Namazla Geceyi Ge\u00e7irdi<\/strong><\/p>\n<p>Gece boyunca vatanda\u015flar evin \u00f6n\u00fcnde n\u00f6bet tuttu, dua ve namaz k\u0131ld\u0131. Halk\u0131n bu \u00e7abalar\u0131 sonucunda, evdeki yang\u0131nlar\u0131n durdu\u011fu bildirildi.<\/p>\n<p><img loading=\"lazy\" decoding=\"async\" alt=\"\u015eanl\u0131urfa\u2019da Esrarengiz Yang\u0131n Aniden Durdu\" class=\"mx-auto max-w-full h-auto shadow-sm\" height=\"629\" src=\"https:\/\/www.urfahaber.com\/images\/uploads\/2025\/11\/ukuk-690efbabc08dd.jpg\" width=\"974\" \/><\/p>\n","protected":false},"excerpt":{"rendered":"<p>\u015eanl\u0131urfa&#8217;n\u0131n Ceylanp\u0131nar il\u00e7esinde, nedeni hen\u00fcz belirlenemeyen ve bir haftad\u0131r tekrar eden yang\u0131nlar y\u00fcz\u00fcnden vatanda\u015flar seferber&#8230;<\/p>\n","protected":false},"author":1,"featured_media":486,"comment_status":"closed","ping_status":"closed","sticky":false,"template":"","format":"standard","meta":{"footnotes":""},"categories":[1],"tags":[],"class_list":["post-485","post","type-post","status-publish","format-standard","has-post-thumbnail","hentry","category-guncel"],"_links":{"self":[{"href":"https:\/\/ruhatv.org\/index.php\/wp-json\/wp\/v2\/posts\/485","targetHints":{"allow":["GET"]}}],"collection":[{"href":"https:\/\/ruhatv.org\/index.php\/wp-json\/wp\/v2\/posts"}],"about":[{"href":"https:\/\/ruhatv.org\/index.php\/wp-json\/wp\/v2\/types\/post"}],"author":[{"embeddable":true,"href":"https:\/\/ruhatv.org\/index.php\/wp-json\/wp\/v2\/users\/1"}],"replies":[{"embeddable":true,"href":"https:\/\/ruhatv.org\/index.php\/wp-json\/wp\/v2\/comments?post=485"}],"version-history":[{"count":0,"href":"https:\/\/ruhatv.org\/index.php\/wp-json\/wp\/v2\/posts\/485\/revisions"}],"wp:featuredmedia":[{"embeddable":true,"href":"https:\/\/ruhatv.org\/index.php\/wp-json\/wp\/v2\/media\/486"}],"wp:attachment":[{"href":"https:\/\/ruhatv.org\/index.php\/wp-json\/wp\/v2\/media?parent=485"}],"wp:term":[{"taxonomy":"category","embeddable":true,"href":"https:\/\/ruhatv.org\/index.php\/wp-json\/wp\/v2\/categories?post=485"},{"taxonomy":"post_tag","embeddable":true,"href":"https:\/\/ruhatv.org\/index.php\/wp-json\/wp\/v2\/tags?post=485"}],"curies":[{"name":"wp","href":"https:\/\/api.w.org\/{rel}","templated":true}]}}