{"id":5327,"date":"2026-03-04T09:56:00","date_gmt":"2026-03-04T09:56:00","guid":{"rendered":"https:\/\/ruhatv.org\/index.php\/2026\/03\/04\/urfada-feci-kaza-1-agir-yarali\/"},"modified":"2026-03-04T09:56:00","modified_gmt":"2026-03-04T09:56:00","slug":"urfada-feci-kaza-1-agir-yarali","status":"publish","type":"post","link":"https:\/\/ruhatv.org\/index.php\/2026\/03\/04\/urfada-feci-kaza-1-agir-yarali\/","title":{"rendered":"Urfa&#8217;da feci kaza: 1 a\u011f\u0131r yaral\u0131!"},"content":{"rendered":"<p>Edinilen bilgiye g\u00f6re kaza, Birecik il\u00e7esine ba\u011fl\u0131 Kar\u015f\u0131yaka Mahallesi\u2019nde meydana geldi. S\u00fcr\u00fcc\u00fc ve plakalar\u0131 belirlenemeyen otomobil ile motosiklet \u00e7arp\u0131\u015ft\u0131. Kaza sonucu motosiklet s\u00fcr\u00fcc\u00fcs\u00fc a\u011f\u0131r yaraland\u0131.<\/p>\n<p><img loading=\"lazy\" decoding=\"async\" alt=\"Urfa'da feci kaza: 1 a\u011f\u0131r yaral\u0131!\" class=\"mx-auto max-w-full h-auto shadow-sm\" height=\"454\" src=\"https:\/\/www.urfahaber.com\/images\/uploads\/2026\/03\/lkt-shash-2026-03-04-124232-69a801333e8d8.png\" width=\"436\" \/><\/p>\n<p>\u0130hbar \u00fczerine olay yerine giden sa\u011fl\u0131k ekipleri, s\u00fcr\u00fcc\u00fcye ilk m\u00fcdahaleyi yapt\u0131ktan sonra yaral\u0131y\u0131 Birecik Devlet Hastanesi\u2019ne kald\u0131rd\u0131. Tedavi alt\u0131n al\u0131nan yaral\u0131n\u0131n sa\u011fl\u0131k durumunun ciddiyetini korudu\u011fu \u00f6\u011frenildi.<\/p>\n<p>Kazayla ilgili inceleme \u00e7al\u0131\u015fmas\u0131 ba\u015flat\u0131ld\u0131.<\/p>\n<p>kaynak:iha<\/p>\n","protected":false},"excerpt":{"rendered":"<p>Edinilen bilgiye g\u00f6re kaza, Birecik il\u00e7esine ba\u011fl\u0131 Kar\u015f\u0131yaka Mahallesi\u2019nde meydana geldi. S\u00fcr\u00fcc\u00fc ve plakalar\u0131 belirlenemeyen&#8230;<\/p>\n","protected":false},"author":1,"featured_media":5328,"comment_status":"closed","ping_status":"closed","sticky":false,"template":"","format":"standard","meta":{"footnotes":""},"categories":[1],"tags":[],"class_list":["post-5327","post","type-post","status-publish","format-standard","has-post-thumbnail","hentry","category-guncel"],"_links":{"self":[{"href":"https:\/\/ruhatv.org\/index.php\/wp-json\/wp\/v2\/posts\/5327","targetHints":{"allow":["GET"]}}],"collection":[{"href":"https:\/\/ruhatv.org\/index.php\/wp-json\/wp\/v2\/posts"}],"about":[{"href":"https:\/\/ruhatv.org\/index.php\/wp-json\/wp\/v2\/types\/post"}],"author":[{"embeddable":true,"href":"https:\/\/ruhatv.org\/index.php\/wp-json\/wp\/v2\/users\/1"}],"replies":[{"embeddable":true,"href":"https:\/\/ruhatv.org\/index.php\/wp-json\/wp\/v2\/comments?post=5327"}],"version-history":[{"count":0,"href":"https:\/\/ruhatv.org\/index.php\/wp-json\/wp\/v2\/posts\/5327\/revisions"}],"wp:featuredmedia":[{"embeddable":true,"href":"https:\/\/ruhatv.org\/index.php\/wp-json\/wp\/v2\/media\/5328"}],"wp:attachment":[{"href":"https:\/\/ruhatv.org\/index.php\/wp-json\/wp\/v2\/media?parent=5327"}],"wp:term":[{"taxonomy":"category","embeddable":true,"href":"https:\/\/ruhatv.org\/index.php\/wp-json\/wp\/v2\/categories?post=5327"},{"taxonomy":"post_tag","embeddable":true,"href":"https:\/\/ruhatv.org\/index.php\/wp-json\/wp\/v2\/tags?post=5327"}],"curies":[{"name":"wp","href":"https:\/\/api.w.org\/{rel}","templated":true}]}}