{"id":585,"date":"2025-11-10T14:18:00","date_gmt":"2025-11-10T14:18:00","guid":{"rendered":"https:\/\/ruhatv.org\/index.php\/2025\/11\/10\/vincin-halati-koptu-2-isci-dehset-icinde-asagi-dustu\/"},"modified":"2025-11-10T14:18:00","modified_gmt":"2025-11-10T14:18:00","slug":"vincin-halati-koptu-2-isci-dehset-icinde-asagi-dustu","status":"publish","type":"post","link":"https:\/\/ruhatv.org\/index.php\/2025\/11\/10\/vincin-halati-koptu-2-isci-dehset-icinde-asagi-dustu\/","title":{"rendered":"Vincin Halat\u0131 Koptu: 2 \u0130\u015f\u00e7i Deh\u015fet \u0130\u00e7inde A\u015fa\u011f\u0131 D\u00fc\u015ft\u00fc!"},"content":{"rendered":"<p>\u015e\u0131rnak&#8217;\u0131n Silopi il\u00e7esindeki Kizir mevkiinde 7 Kas\u0131m g\u00fcn\u00fc bir t\u0131r\u0131n tanker de\u011fi\u015fimi s\u0131ras\u0131nda vincin halat\u0131n\u0131n kopmas\u0131 sonucu H.C. ve C.C., yaraland\u0131.<\/p>\n<p><img loading=\"lazy\" decoding=\"async\" alt=\"Vincin Halat\u0131 Koptu: 2 \u0130\u015f\u00e7i Deh\u015fet \u0130\u00e7inde A\u015fa\u011f\u0131 D\u00fc\u015ft\u00fc!\" class=\"mx-auto max-w-full h-auto shadow-sm\" height=\"1176\" src=\"https:\/\/www.urfahaber.com\/images\/uploads\/2025\/11\/aw576703-03-6911f5918b090.jpg\" width=\"932\" \/><\/p>\n<p><strong>B\u0130R\u0130N\u0130N HAYAT\u0130 TEHL\u0130KES\u0130 S\u00d6Z KONUSU<\/strong><\/p>\n<p>\u0130hbar \u00fczerine olay yerine sa\u011fl\u0131k ve kolluk kuvveti sevk edildi.\u00a0Yaral\u0131lar, sa\u011fl\u0131k ekiplerinin ilk m\u00fcdahalesinin ard\u0131ndan hastaneye sevk edildi.\u00a0Kazada a\u011f\u0131r yaralanan C.C., \u015e\u0131rnak Devlet Hastanesi&#8217;ne sevk edilerek yo\u011fun bak\u0131mda tedavi alt\u0131na al\u0131nd\u0131.<\/p>\n<p><img loading=\"lazy\" decoding=\"async\" alt=\"Vincin Halat\u0131 Koptu: 2 \u0130\u015f\u00e7i Deh\u015fet \u0130\u00e7inde A\u015fa\u011f\u0131 D\u00fc\u015ft\u00fc!\" class=\"mx-auto max-w-full h-auto shadow-sm\" height=\"1065\" src=\"https:\/\/www.urfahaber.com\/images\/uploads\/2025\/11\/aw576703-04-6911f606792e9.jpg\" width=\"870\" \/><\/p>\n<p><strong>ANBEAN KAMERADA<\/strong><\/p>\n<p>Vin\u00e7 halat\u0131n\u0131n kopma an\u0131 b\u00f6lgede bulunan g\u00fcvenlik kameras\u0131na yans\u0131d\u0131. Kazayla ilgili ba\u015flat\u0131lan inceleme s\u00fcr\u00fcyor.<\/p>\n","protected":false},"excerpt":{"rendered":"<p>\u015e\u0131rnak&#8217;\u0131n Silopi il\u00e7esindeki Kizir mevkiinde 7 Kas\u0131m g\u00fcn\u00fc bir t\u0131r\u0131n tanker de\u011fi\u015fimi s\u0131ras\u0131nda vincin halat\u0131n\u0131n&#8230;<\/p>\n","protected":false},"author":1,"featured_media":586,"comment_status":"closed","ping_status":"closed","sticky":false,"template":"","format":"standard","meta":{"footnotes":""},"categories":[1],"tags":[],"class_list":["post-585","post","type-post","status-publish","format-standard","has-post-thumbnail","hentry","category-guncel"],"_links":{"self":[{"href":"https:\/\/ruhatv.org\/index.php\/wp-json\/wp\/v2\/posts\/585","targetHints":{"allow":["GET"]}}],"collection":[{"href":"https:\/\/ruhatv.org\/index.php\/wp-json\/wp\/v2\/posts"}],"about":[{"href":"https:\/\/ruhatv.org\/index.php\/wp-json\/wp\/v2\/types\/post"}],"author":[{"embeddable":true,"href":"https:\/\/ruhatv.org\/index.php\/wp-json\/wp\/v2\/users\/1"}],"replies":[{"embeddable":true,"href":"https:\/\/ruhatv.org\/index.php\/wp-json\/wp\/v2\/comments?post=585"}],"version-history":[{"count":0,"href":"https:\/\/ruhatv.org\/index.php\/wp-json\/wp\/v2\/posts\/585\/revisions"}],"wp:featuredmedia":[{"embeddable":true,"href":"https:\/\/ruhatv.org\/index.php\/wp-json\/wp\/v2\/media\/586"}],"wp:attachment":[{"href":"https:\/\/ruhatv.org\/index.php\/wp-json\/wp\/v2\/media?parent=585"}],"wp:term":[{"taxonomy":"category","embeddable":true,"href":"https:\/\/ruhatv.org\/index.php\/wp-json\/wp\/v2\/categories?post=585"},{"taxonomy":"post_tag","embeddable":true,"href":"https:\/\/ruhatv.org\/index.php\/wp-json\/wp\/v2\/tags?post=585"}],"curies":[{"name":"wp","href":"https:\/\/api.w.org\/{rel}","templated":true}]}}