{"id":62,"date":"2025-10-30T15:32:00","date_gmt":"2025-10-30T15:32:00","guid":{"rendered":"https:\/\/ruhatv.org\/index.php\/2025\/10\/30\/sanliurfada-feci-kaza-kontrolden-cikan-arac-direge-carpti\/"},"modified":"2025-10-30T15:32:00","modified_gmt":"2025-10-30T15:32:00","slug":"sanliurfada-feci-kaza-kontrolden-cikan-arac-direge-carpti","status":"publish","type":"post","link":"https:\/\/ruhatv.org\/index.php\/2025\/10\/30\/sanliurfada-feci-kaza-kontrolden-cikan-arac-direge-carpti\/","title":{"rendered":"\u015eanl\u0131urfa\u2019da Feci Kaza! Kontrolden \u00c7\u0131kan Ara\u00e7 Dire\u011fe \u00c7arpt\u0131"},"content":{"rendered":"<p>\u015eanl\u0131urfa\u2019n\u0131n Siverek il\u00e7esinde meydana gelen trafik kazas\u0131nda, kontrolden \u00e7\u0131kan otomobil yol kenar\u0131ndaki elektrik dire\u011fine \u00e7arpt\u0131. Kazada s\u00fcr\u00fcc\u00fc yaraland\u0131.<\/p>\n<p><img loading=\"lazy\" decoding=\"async\" alt=\"G\u00f6rsel\" class=\"mx-auto max-w-full h-auto shadow-sm\" height=\"936\" src=\"https:\/\/www.urfahaber.com\/images\/uploads\/2025\/10\/vfv-690385c183f61.jpg\" width=\"1034\" \/><\/p>\n<p><strong>Direksiyon Hakimiyetini Kaybetti<\/strong><\/p>\n<p>Edinilen bilgiye g\u00f6re,\u00a0Y.T. (60)\u00a0idaresindeki\u00a006 PFJ 012\u00a0plakal\u0131 otomobil,\u00a0Siverek-Ad\u0131yaman kara yolunun 10\u2019uncu kilometresinde\u00a0s\u00fcr\u00fcc\u00fcs\u00fcn\u00fcn direksiyon hakimiyetini kaybetmesi sonucu yoldan \u00e7\u0131karak elektrik dire\u011fine \u00e7arpt\u0131.<\/p>\n<p><strong>S\u00fcr\u00fcc\u00fc Hastaneye Kald\u0131r\u0131ld\u0131<\/strong><\/p>\n<p>Kazay\u0131 g\u00f6renlerin ihbar\u0131 \u00fczerine olay yerine sa\u011fl\u0131k ve polis ekipleri sevk edildi. Yaralanan s\u00fcr\u00fcc\u00fc, sa\u011fl\u0131k ekiplerince\u00a0Siverek Devlet Hastanesine\u00a0kald\u0131r\u0131larak tedavi alt\u0131na al\u0131nd\u0131.<\/p>\n<p><strong>Polis Soru\u015fturma Ba\u015flatt\u0131<\/strong><\/p>\n<p>Polis ekipleri, kazayla ilgili inceleme ba\u015flatt\u0131.<\/p>\n<p><img loading=\"lazy\" decoding=\"async\" alt=\"G\u00f6rsel\" class=\"mx-auto max-w-full h-auto shadow-sm\" height=\"662\" src=\"https:\/\/www.urfahaber.com\/images\/uploads\/2025\/10\/vcv-6903858757a82.jpg\" width=\"1190\" \/><\/p>\n","protected":false},"excerpt":{"rendered":"<p>\u015eanl\u0131urfa\u2019n\u0131n Siverek il\u00e7esinde meydana gelen trafik kazas\u0131nda, kontrolden \u00e7\u0131kan otomobil yol kenar\u0131ndaki elektrik dire\u011fine \u00e7arpt\u0131&#8230;.<\/p>\n","protected":false},"author":1,"featured_media":63,"comment_status":"closed","ping_status":"closed","sticky":false,"template":"","format":"standard","meta":{"footnotes":""},"categories":[1],"tags":[],"class_list":["post-62","post","type-post","status-publish","format-standard","has-post-thumbnail","hentry","category-guncel"],"_links":{"self":[{"href":"https:\/\/ruhatv.org\/index.php\/wp-json\/wp\/v2\/posts\/62","targetHints":{"allow":["GET"]}}],"collection":[{"href":"https:\/\/ruhatv.org\/index.php\/wp-json\/wp\/v2\/posts"}],"about":[{"href":"https:\/\/ruhatv.org\/index.php\/wp-json\/wp\/v2\/types\/post"}],"author":[{"embeddable":true,"href":"https:\/\/ruhatv.org\/index.php\/wp-json\/wp\/v2\/users\/1"}],"replies":[{"embeddable":true,"href":"https:\/\/ruhatv.org\/index.php\/wp-json\/wp\/v2\/comments?post=62"}],"version-history":[{"count":0,"href":"https:\/\/ruhatv.org\/index.php\/wp-json\/wp\/v2\/posts\/62\/revisions"}],"wp:featuredmedia":[{"embeddable":true,"href":"https:\/\/ruhatv.org\/index.php\/wp-json\/wp\/v2\/media\/63"}],"wp:attachment":[{"href":"https:\/\/ruhatv.org\/index.php\/wp-json\/wp\/v2\/media?parent=62"}],"wp:term":[{"taxonomy":"category","embeddable":true,"href":"https:\/\/ruhatv.org\/index.php\/wp-json\/wp\/v2\/categories?post=62"},{"taxonomy":"post_tag","embeddable":true,"href":"https:\/\/ruhatv.org\/index.php\/wp-json\/wp\/v2\/tags?post=62"}],"curies":[{"name":"wp","href":"https:\/\/api.w.org\/{rel}","templated":true}]}}