{"id":766,"date":"2025-11-13T10:31:00","date_gmt":"2025-11-13T10:31:00","guid":{"rendered":"https:\/\/ruhatv.org\/index.php\/2025\/11\/13\/fatih-urek-oldu-mu\/"},"modified":"2025-11-13T10:31:00","modified_gmt":"2025-11-13T10:31:00","slug":"fatih-urek-oldu-mu","status":"publish","type":"post","link":"https:\/\/ruhatv.org\/index.php\/2025\/11\/13\/fatih-urek-oldu-mu\/","title":{"rendered":"Fatih \u00dcrek \u00d6ld\u00fc M\u00fc?"},"content":{"rendered":"<p>\u00dcnl\u00fc sanat\u00e7\u0131 Fatih \u00dcrek\u2019in sa\u011fl\u0131k durumundaki geli\u015fmeleri hayranlar\u0131 merakla bekliyor. \u201cFatih \u00dcrek \u00f6ld\u00fc m\u00fc?\u201d sorusunun cevab\u0131 merakla bekleniyor.<\/p>\n<p>\u00dcnl\u00fc sanat\u00e7\u0131 Fatih \u00dcrek, ge\u00e7irdi\u011fi kalp krizi sonras\u0131 hastaneye kald\u0131r\u0131ld\u0131. 15 Ekim\u2019de fenala\u015farak kalp krizi ge\u00e7irdi\u011fi \u00f6\u011frenilen \u00dcrek\u2019in hastanedeki tedavisinin s\u00fcrd\u00fc\u011f\u00fc, durumunun ise ciddiyetini korudu\u011fu bildirildi. Hayranlar\u0131, \u201cFatih \u00dcrek \u00f6ld\u00fc m\u00fc, sa\u011fl\u0131k durumu nas\u0131l?\u201d sorular\u0131n\u0131n yan\u0131t\u0131n\u0131 merakla ara\u015ft\u0131r\u0131yor.<\/p>\n<p><img loading=\"lazy\" decoding=\"async\" alt=\"G\u00f6rsel\" class=\"mx-auto max-w-full h-auto shadow-sm\" height=\"617\" src=\"https:\/\/www.urfahaber.com\/images\/uploads\/2025\/11\/tjg-6915b6c166e8e.jpg\" width=\"820\" \/><\/p>\n<p><strong>20 DAK\u0130KA OKS\u0130JENS\u0130Z KALDI<\/strong><\/p>\n<p>Sanat\u00e7\u0131n\u0131n yak\u0131n dostu Mehmet Ali Erbil, Fatih \u00dcrek\u2019in sa\u011fl\u0131k durumu hakk\u0131nda yapt\u0131\u011f\u0131 a\u00e7\u0131klamada \u00fcz\u00fcc\u00fc detaylar\u0131 payla\u015ft\u0131.<br \/> Erbil, \u201cFatih\u2019in doktoru ilk beni arad\u0131. Hastaneye ilk giden bendim. Yo\u011fun bak\u0131mdayd\u0131, konu\u015fam\u0131yordu. 20 dakika oksijensiz kald\u0131. \u015eu anda beklemedeyiz. Bir ay sonra bu s\u00fcre\u00e7ten normale d\u00f6nenler var.\u201d ifadelerini kulland\u0131.<\/p>\n<p><strong>HAYRANLARINDAN DESTEK MESAJI YA\u011eDI<\/strong><\/p>\n<p>Fatih \u00dcrek\u2019in sa\u011fl\u0131k durumu g\u00fcndemdeki yerini korurken, sevenlerinden binlerce destek mesaj\u0131 geldi. Sosyal medyada \u201cDualar\u0131m\u0131z seninle Fatih \u00dcrek\u201d etiketi k\u0131sa s\u00fcrede trend olurken, sanat camias\u0131ndan da ge\u00e7mi\u015f olsun payla\u015f\u0131mlar\u0131 yap\u0131ld\u0131.<\/p>\n<p><strong>DOKTORLARDAN RESM\u0130 A\u00c7IKLAMA BEKLEN\u0130YOR<\/strong><\/p>\n<p>\u00dcrek\u2019in tedavisinin yo\u011fun bak\u0131mda devam etti\u011fi belirtilirken, doktorlar\u0131n\u0131n ilerleyen g\u00fcnlerde kapsaml\u0131 bir a\u00e7\u0131klama yapmas\u0131 bekleniyor. \u00dcnl\u00fc sanat\u00e7\u0131n\u0131n sa\u011fl\u0131k ekibinin g\u00f6zetiminde oldu\u011fu ve kritik s\u00fcrecin devam etti\u011fi bildirildi.<\/p>\n<p>Do\u011fan ayr\u0131ca, sanat\u00e7\u0131n\u0131n yak\u0131n dostu Ay\u015fe Kazanc\u0131 hakk\u0131nda da konu\u015ftu. Kazanc\u0131\u2019n\u0131n \u00dcrek\u2019in evine giderek kasadaki de\u011ferli e\u015fyalar\u0131 g\u00fcvence alt\u0131na ald\u0131\u011f\u0131n\u0131 belirten Do\u011fan, \u015funlar\u0131 s\u00f6yledi:<\/p>\n<p>\u201cFatih \u00dcrek\u2019in \u00e7ok yak\u0131n dostu Ay\u015fe Kazanc\u0131, evine gidip kasadaki m\u00fccevherleri tek tek kameraya \u00e7ekmi\u015f ve evine g\u00f6t\u00fcrm\u00fc\u015f. Aileden biri eve girip \u00e7almas\u0131n diye yapm\u0131\u015f. \u00c7ok d\u00fcr\u00fcst bir insan.\u201d<\/p>\n<p>Ortaya at\u0131lan iddialar\u0131n ard\u0131ndan Fatih \u00dcrek\u2019in menajeri Mert Siliv, a\u00e7\u0131klama yapt\u0131. Siliv, s\u00fcrecin hassasiyetine dikkat \u00e7ekerek \u015fu ifadeleri kulland\u0131:<\/p>\n<p>\u201cFatih \u00dcrek\u2019in sa\u011fl\u0131k durumu ile ilgili geli\u015fmeler d\u00fczenli olarak taraf\u0131mdan, hastane yetkililerinden ve avukat\u0131 Volkan Alk\u0131l\u0131\u00e7 taraf\u0131ndan kamuoyuna iletilmektedir. Yeni bir geli\u015fme olmad\u0131k\u00e7a bilgi payla\u015fmam\u0131z m\u00fcmk\u00fcn de\u011fildir.<\/p>\n<p>Bu kadar seveni olan bir sanat\u00e7\u0131n\u0131n durumu hakk\u0131nda yap\u0131lan as\u0131ls\u0131z a\u00e7\u0131klamalar, hem bizi hem de kamuoyunu rahats\u0131z etmektedir. Doktorlar\u0131m\u0131z\u0131n da s\u00f6yledi\u011fi gibi, her hastan\u0131n s\u00fcreci farkl\u0131d\u0131r. Biz sadece Fatih \u00dcrek\u2019in sa\u011fl\u0131\u011f\u0131na ve iyi haberler alabilmeye odaklanm\u0131\u015f durumday\u0131z.\u201d<\/p>\n<p>Siliv, \u00e7\u0131kan haberlerin b\u00fcy\u00fck k\u0131sm\u0131n\u0131n as\u0131ls\u0131z oldu\u011funu vurgulayarak \u015funlar\u0131 ekledi:<\/p>\n<p>\u201cBa\u015fta miras kavgas\u0131, bor\u00e7 iddialar\u0131, zay\u0131flama ilac\u0131 kullan\u0131m\u0131 gibi as\u0131ls\u0131z haberlerle m\u00fccadele ediyoruz. Bu t\u00fcr haberlerin yay\u0131lmas\u0131na arac\u0131l\u0131k edilmemesini rica ediyoruz. Fatih \u00dcrek\u2019in yerinde sizler olsayd\u0131n\u0131z, b\u00f6yle \u00e7irkinliklerle an\u0131lmak istemezdiniz.&#8221;<\/p>\n<p><img loading=\"lazy\" decoding=\"async\" alt=\"G\u00f6rsel\" class=\"mx-auto max-w-full h-auto shadow-sm\" height=\"683\" src=\"https:\/\/www.urfahaber.com\/images\/uploads\/2025\/11\/rfgtfry-6915b5fddd5b6.jpg\" width=\"1200\" \/><\/p>\n","protected":false},"excerpt":{"rendered":"<p>\u00dcnl\u00fc sanat\u00e7\u0131 Fatih \u00dcrek\u2019in sa\u011fl\u0131k durumundaki geli\u015fmeleri hayranlar\u0131 merakla bekliyor. \u201cFatih \u00dcrek \u00f6ld\u00fc m\u00fc?\u201d sorusunun&#8230;<\/p>\n","protected":false},"author":1,"featured_media":767,"comment_status":"closed","ping_status":"closed","sticky":false,"template":"","format":"standard","meta":{"footnotes":""},"categories":[1],"tags":[],"class_list":["post-766","post","type-post","status-publish","format-standard","has-post-thumbnail","hentry","category-guncel"],"_links":{"self":[{"href":"https:\/\/ruhatv.org\/index.php\/wp-json\/wp\/v2\/posts\/766","targetHints":{"allow":["GET"]}}],"collection":[{"href":"https:\/\/ruhatv.org\/index.php\/wp-json\/wp\/v2\/posts"}],"about":[{"href":"https:\/\/ruhatv.org\/index.php\/wp-json\/wp\/v2\/types\/post"}],"author":[{"embeddable":true,"href":"https:\/\/ruhatv.org\/index.php\/wp-json\/wp\/v2\/users\/1"}],"replies":[{"embeddable":true,"href":"https:\/\/ruhatv.org\/index.php\/wp-json\/wp\/v2\/comments?post=766"}],"version-history":[{"count":0,"href":"https:\/\/ruhatv.org\/index.php\/wp-json\/wp\/v2\/posts\/766\/revisions"}],"wp:featuredmedia":[{"embeddable":true,"href":"https:\/\/ruhatv.org\/index.php\/wp-json\/wp\/v2\/media\/767"}],"wp:attachment":[{"href":"https:\/\/ruhatv.org\/index.php\/wp-json\/wp\/v2\/media?parent=766"}],"wp:term":[{"taxonomy":"category","embeddable":true,"href":"https:\/\/ruhatv.org\/index.php\/wp-json\/wp\/v2\/categories?post=766"},{"taxonomy":"post_tag","embeddable":true,"href":"https:\/\/ruhatv.org\/index.php\/wp-json\/wp\/v2\/tags?post=766"}],"curies":[{"name":"wp","href":"https:\/\/api.w.org\/{rel}","templated":true}]}}