{"id":7869,"date":"2026-04-27T06:48:42","date_gmt":"2026-04-27T06:48:42","guid":{"rendered":"https:\/\/ruhatv.org\/index.php\/2026\/04\/27\/sanliurfada-iskur-uzerinden-isci-alimi-basliyor\/"},"modified":"2026-04-27T06:48:42","modified_gmt":"2026-04-27T06:48:42","slug":"sanliurfada-iskur-uzerinden-isci-alimi-basliyor","status":"publish","type":"post","link":"https:\/\/ruhatv.org\/index.php\/2026\/04\/27\/sanliurfada-iskur-uzerinden-isci-alimi-basliyor\/","title":{"rendered":"\u015eanl\u0131urfa\u2019da \u0130\u015eKUR \u00fczerinden i\u015f\u00e7i al\u0131m\u0131 ba\u015fl\u0131yor!"},"content":{"rendered":"<p>Gen\u00e7lik ve Spor Bakanl\u0131\u011f\u0131 taraf\u0131ndan yay\u0131mlanan ilana g\u00f6re, ta\u015fra te\u015fkilat\u0131nda istihdam edilmek \u00fczere toplam 157 s\u00fcrekli i\u015f\u00e7i al\u0131nacak. Al\u0131mlar\u0131n T\u00fcrkiye genelinde 81 ilde ger\u00e7ekle\u015ftirilece\u011fi belirtilirken; Adana, Ankara, Bursa, Hatay, Mardin, Samsun, Van ve Zonguldak gibi bir\u00e7ok ilin yan\u0131 s\u0131ra \u015eanl\u0131urfa da kontenjan ayr\u0131lan iller aras\u0131nda yer ald\u0131.<\/p>\n<h2><strong>ENGELL\u0130 VE ESK\u0130 H\u00dcK\u00dcML\u00dc KONTENJANI AYRILDI<\/strong><\/h2>\n<p>Al\u0131m kapsam\u0131nda 45 engelli ve 112 eski h\u00fck\u00fcml\u00fc ya da ter\u00f6rle m\u00fccadelede malul say\u0131lmayacak \u015fekilde yaralanan aday istihdam edilecek. T\u00fcm kadrolar\u0131n temizlik g\u00f6revlisi pozisyonunda olaca\u011f\u0131 a\u00e7\u0131kland\u0131.<\/p>\n<p><img loading=\"lazy\" decoding=\"async\" alt=\"\u015eanl\u0131urfa\u2019da \u0130\u015eKUR \u00fczerinden i\u015f\u00e7i al\u0131m\u0131 ba\u015fl\u0131yor!\" class=\"mx-auto max-w-full h-auto shadow-sm\" height=\"675\" src=\"https:\/\/www.urfahaber.com\/images\/uploads\/2026\/04\/iha-69ef071e04d35.jpg\" width=\"1200\" \/><\/p>\n<h2><strong>BA\u015eVURULAR \u0130\u015eKUR \u00dcZER\u0130NDEN YAPILACAK<\/strong><\/h2>\n<p>Ba\u015fvurular, 27 Nisan ile 4 May\u0131s 2026 tarihleri aras\u0131nda \u0130\u015eKUR\u2019un resmi internet sitesi \u00fczerinden al\u0131nacak. Adaylar ayr\u0131ca \u0130\u015eKUR hizmet noktalar\u0131 ve Alo 170 hatt\u0131 arac\u0131l\u0131\u011f\u0131yla da ba\u015fvuru yapabilecek.<br \/> Ba\u015fvuru s\u00fcrecinde adaylar\u0131n yaln\u0131zca bir i\u015fyeri i\u00e7in ba\u015fvuru yapabilece\u011fi, de\u011ferlendirmelerde ise Adrese Dayal\u0131 N\u00fcfus Kay\u0131t Sistemi\u2019ndeki ikamet adresinin esas al\u0131naca\u011f\u0131 bildirildi.<\/p>\n<h2><strong>KURA VE S\u00d6ZL\u00dc SINAV S\u00dcREC\u0130<\/strong><\/h2>\n<p>\u0130\u015eKUR taraf\u0131ndan olu\u015fturulacak nihai listelere g\u00f6re adaylar noter huzurunda kura ile belirlenecek. A\u00e7\u0131k i\u015f say\u0131s\u0131n\u0131n d\u00f6rt kat\u0131 kadar as\u0131l ve d\u00f6rt kat\u0131 kadar yedek aday kura \u00e7ekimiyle se\u00e7ilecek.<br \/> Kura \u00e7ekiminin 13 May\u0131s 2026 tarihinde yap\u0131laca\u011f\u0131 a\u00e7\u0131klan\u0131rken, kura sonucu belirlenen adaylar\u0131n s\u00f6zl\u00fc s\u0131nava al\u0131naca\u011f\u0131 ifade edildi. S\u0131navda adaylar mesleki bilgi ve beceri a\u00e7\u0131s\u0131ndan de\u011ferlendirilecek ve ba\u015far\u0131l\u0131 say\u0131lmak i\u00e7in en az 70 puan alma \u015fart\u0131 aranacak.<\/p>\n<h2><strong>\u015eANLIURFA\u2019YA 3 K\u0130\u015e\u0130L\u0130K KONTENJAN<\/strong><\/h2>\n<p>Yay\u0131mlanan da\u011f\u0131l\u0131ma g\u00f6re \u015eanl\u0131urfa\u2019da temizlik g\u00f6revlisi kadrosu i\u00e7in 3 ki\u015filik kontenjan ayr\u0131ld\u0131. Ba\u015fvuru ve yerle\u015ftirme s\u00fcrecinin \u0130\u015eKUR ile Gen\u00e7lik ve Spor Bakanl\u0131\u011f\u0131 koordinasyonunda y\u00fcr\u00fct\u00fclece\u011fi belirtildi.<\/p>\n","protected":false},"excerpt":{"rendered":"<p>Gen\u00e7lik ve Spor Bakanl\u0131\u011f\u0131 taraf\u0131ndan yay\u0131mlanan ilana g\u00f6re, ta\u015fra te\u015fkilat\u0131nda istihdam edilmek \u00fczere toplam 157&#8230;<\/p>\n","protected":false},"author":1,"featured_media":7870,"comment_status":"closed","ping_status":"closed","sticky":false,"template":"","format":"standard","meta":{"footnotes":""},"categories":[1],"tags":[],"class_list":["post-7869","post","type-post","status-publish","format-standard","has-post-thumbnail","hentry","category-guncel"],"_links":{"self":[{"href":"https:\/\/ruhatv.org\/index.php\/wp-json\/wp\/v2\/posts\/7869","targetHints":{"allow":["GET"]}}],"collection":[{"href":"https:\/\/ruhatv.org\/index.php\/wp-json\/wp\/v2\/posts"}],"about":[{"href":"https:\/\/ruhatv.org\/index.php\/wp-json\/wp\/v2\/types\/post"}],"author":[{"embeddable":true,"href":"https:\/\/ruhatv.org\/index.php\/wp-json\/wp\/v2\/users\/1"}],"replies":[{"embeddable":true,"href":"https:\/\/ruhatv.org\/index.php\/wp-json\/wp\/v2\/comments?post=7869"}],"version-history":[{"count":0,"href":"https:\/\/ruhatv.org\/index.php\/wp-json\/wp\/v2\/posts\/7869\/revisions"}],"wp:featuredmedia":[{"embeddable":true,"href":"https:\/\/ruhatv.org\/index.php\/wp-json\/wp\/v2\/media\/7870"}],"wp:attachment":[{"href":"https:\/\/ruhatv.org\/index.php\/wp-json\/wp\/v2\/media?parent=7869"}],"wp:term":[{"taxonomy":"category","embeddable":true,"href":"https:\/\/ruhatv.org\/index.php\/wp-json\/wp\/v2\/categories?post=7869"},{"taxonomy":"post_tag","embeddable":true,"href":"https:\/\/ruhatv.org\/index.php\/wp-json\/wp\/v2\/tags?post=7869"}],"curies":[{"name":"wp","href":"https:\/\/api.w.org\/{rel}","templated":true}]}}