{"id":7891,"date":"2026-04-27T11:35:00","date_gmt":"2026-04-27T11:35:00","guid":{"rendered":"https:\/\/ruhatv.org\/index.php\/2026\/04\/27\/ab-tescilli-suruc-narinda-budama-zamani\/"},"modified":"2026-04-27T11:35:00","modified_gmt":"2026-04-27T11:35:00","slug":"ab-tescilli-suruc-narinda-budama-zamani","status":"publish","type":"post","link":"https:\/\/ruhatv.org\/index.php\/2026\/04\/27\/ab-tescilli-suruc-narinda-budama-zamani\/","title":{"rendered":"AB tescilli Suru\u00e7 nar\u0131nda budama zaman\u0131!"},"content":{"rendered":"<p>T\u00fcrkiye&#8217;de AB taraf\u0131ndan tescil edilen tek nar t\u00fcr\u00fc olan Suru\u00e7 nar\u0131, yap\u0131lan budama i\u015flemleri sayesinde daha iri ve kaliteli hale geliyor.<\/p>\n<p><img loading=\"lazy\" decoding=\"async\" alt=\"AB tescilli Suru\u00e7 nar\u0131nda budama zaman\u0131!\" class=\"mx-auto max-w-full h-auto shadow-sm\" height=\"900\" src=\"https:\/\/www.urfahaber.com\/images\/uploads\/2026\/04\/aw692376-01-69ef499f36071.jpg\" width=\"1200\" \/><\/p>\n<p>Narlar\u0131n sa\u011fl\u0131kl\u0131 b\u00fcy\u00fcmesi ve verimli bir hasat elde edilmesi i\u00e7in budama b\u00fcy\u00fck \u00f6nem ta\u015f\u0131yor. \u00c7al\u0131 formunda yeti\u015fen Suru\u00e7 nar\u0131nda budama s\u0131ras\u0131nda 3-4 ana dal b\u0131rak\u0131l\u0131yor, yeni s\u00fcrg\u00fcnler kesilerek a\u011fac\u0131n enerjisi meyveye y\u00f6nlendiriliyor.<\/p>\n<p>Bu sayede narlar daha iri, daha kaliteli ve daha sa\u011fl\u0131kl\u0131 b\u00fcy\u00fcyor. Yakla\u015f\u0131k bir ay s\u00fcren budama s\u00fcrecinde kesilen dallar ise k\u0131\u015f aylar\u0131nda yakacak olarak de\u011ferlendiriliyor.<\/p>\n<p><img loading=\"lazy\" decoding=\"async\" alt=\"AB tescilli Suru\u00e7 nar\u0131nda budama zaman\u0131!\" class=\"mx-auto max-w-full h-auto shadow-sm\" height=\"900\" src=\"https:\/\/www.urfahaber.com\/images\/uploads\/2026\/04\/aw692376-03-69ef49606b82d.jpg\" width=\"1200\" \/><\/p>\n<h2><strong>\u00dcRET\u0130C\u0130LERDEN BUDAMA VURGUSU<\/strong><\/h2>\n<p>Nar \u00fcreticisi Mehmet Akku\u015f, her y\u0131l a\u011fa\u00e7 k\u00f6klerinden \u00e7\u0131kan s\u00fcrg\u00fcnleri kestiklerini belirterek, &#8220;Narlar\u0131n daha b\u00fcy\u00fck olmas\u0131 i\u00e7in bu i\u015flemi d\u00fczenli yap\u0131yoruz&#8221; dedi.<\/p>\n<p>\u0130brahim Akku\u015f ise bu y\u0131l a\u015f\u0131r\u0131 ya\u011f\u0131\u015flar nedeniyle budaman\u0131n biraz gecikti\u011fini ifade ederek, &#8220;Narlar daha iyi geli\u015fsin diye yeni \u00e7\u0131kan dallar kesiliyor. Kaliteli meyve i\u00e7in bak\u0131m \u015fart&#8221; \u015feklinde konu\u015ftu.<\/p>\n<p><img loading=\"lazy\" decoding=\"async\" alt=\"AB tescilli Suru\u00e7 nar\u0131nda budama zaman\u0131!\" class=\"mx-auto max-w-full h-auto shadow-sm\" height=\"900\" src=\"https:\/\/www.urfahaber.com\/images\/uploads\/2026\/04\/aw692376-02-69ef49707e4d0.jpg\" width=\"1200\" \/><\/p>\n<h2><strong>\u00c7OK YA\u011eMUR YA\u011eDI<\/strong><\/h2>\n<p>Nar \u00fcreticisi \u0130brahim Akku\u015f, &#8220;Bu sene ya\u011fmur \u00e7ok ya\u011fd\u0131\u011f\u0131 i\u00e7in ye\u015fermi\u015f. \u00c7ok ge\u00e7 kald\u0131k ama yine de idare eder. Bunlar\u0131 kesti\u011finiz zaman narlar daha g\u00fczel oluyor, daha b\u00fcy\u00fck oluyor&#8221; ifadelerini kulland\u0131.<\/p>\n<p><img loading=\"lazy\" decoding=\"async\" alt=\"AB tescilli Suru\u00e7 nar\u0131nda budama zaman\u0131!\" class=\"mx-auto max-w-full h-auto shadow-sm\" height=\"900\" src=\"https:\/\/www.urfahaber.com\/images\/uploads\/2026\/04\/aw692376-04-69ef497e680d9.jpg\" width=\"1200\" \/><\/p>\n<h2><strong>UZMANDAN BAHAR BAKIMI A\u00c7IKLAMASI<\/strong><\/h2>\n<p>Y\u00fcksek ziraat m\u00fchendisi Mehmet Tek\u00e7e de Suru\u00e7 nar\u0131nda bahar d\u00f6neminde bak\u0131m ve budama \u00e7al\u0131\u015fmalar\u0131n\u0131n ba\u015flad\u0131\u011f\u0131n\u0131 vurgulayarak, &#8221; Avrupa Birli\u011fi taraf\u0131ndan tescil edilen Suru\u00e7 Nar\u0131m\u0131z\u0131n \u00f6zel bir bak\u0131m\u0131 var. \u0130lkbaharda yeni \u00e7\u0131kan s\u00fcrg\u00fcnler budamayla kesiliyor ki nar\u0131m\u0131z\u0131n kalitesi daha y\u00fcksek olsun, narlar\u0131m\u0131z daha iri olsunlar. Bu nedenler her y\u0131l ilkbaharda bu bak\u0131mlar yap\u0131l\u0131yor&#8221; diye konu\u015ftu.<\/p>\n","protected":false},"excerpt":{"rendered":"<p>T\u00fcrkiye&#8217;de AB taraf\u0131ndan tescil edilen tek nar t\u00fcr\u00fc olan Suru\u00e7 nar\u0131, yap\u0131lan budama i\u015flemleri sayesinde&#8230;<\/p>\n","protected":false},"author":1,"featured_media":7892,"comment_status":"closed","ping_status":"closed","sticky":false,"template":"","format":"standard","meta":{"footnotes":""},"categories":[1],"tags":[],"class_list":["post-7891","post","type-post","status-publish","format-standard","has-post-thumbnail","hentry","category-guncel"],"_links":{"self":[{"href":"https:\/\/ruhatv.org\/index.php\/wp-json\/wp\/v2\/posts\/7891","targetHints":{"allow":["GET"]}}],"collection":[{"href":"https:\/\/ruhatv.org\/index.php\/wp-json\/wp\/v2\/posts"}],"about":[{"href":"https:\/\/ruhatv.org\/index.php\/wp-json\/wp\/v2\/types\/post"}],"author":[{"embeddable":true,"href":"https:\/\/ruhatv.org\/index.php\/wp-json\/wp\/v2\/users\/1"}],"replies":[{"embeddable":true,"href":"https:\/\/ruhatv.org\/index.php\/wp-json\/wp\/v2\/comments?post=7891"}],"version-history":[{"count":0,"href":"https:\/\/ruhatv.org\/index.php\/wp-json\/wp\/v2\/posts\/7891\/revisions"}],"wp:featuredmedia":[{"embeddable":true,"href":"https:\/\/ruhatv.org\/index.php\/wp-json\/wp\/v2\/media\/7892"}],"wp:attachment":[{"href":"https:\/\/ruhatv.org\/index.php\/wp-json\/wp\/v2\/media?parent=7891"}],"wp:term":[{"taxonomy":"category","embeddable":true,"href":"https:\/\/ruhatv.org\/index.php\/wp-json\/wp\/v2\/categories?post=7891"},{"taxonomy":"post_tag","embeddable":true,"href":"https:\/\/ruhatv.org\/index.php\/wp-json\/wp\/v2\/tags?post=7891"}],"curies":[{"name":"wp","href":"https:\/\/api.w.org\/{rel}","templated":true}]}}