{"id":7905,"date":"2026-04-27T13:48:50","date_gmt":"2026-04-27T13:48:50","guid":{"rendered":"https:\/\/ruhatv.org\/index.php\/2026\/04\/27\/halfetideki-operasyonun-ardindan-dem-partiden-aciklamalar\/"},"modified":"2026-04-27T13:48:50","modified_gmt":"2026-04-27T13:48:50","slug":"halfetideki-operasyonun-ardindan-dem-partiden-aciklamalar","status":"publish","type":"post","link":"https:\/\/ruhatv.org\/index.php\/2026\/04\/27\/halfetideki-operasyonun-ardindan-dem-partiden-aciklamalar\/","title":{"rendered":"Halfeti&#8217;deki operasyonun ard\u0131ndan DEM Parti&#8217;den a\u00e7\u0131klamalar!"},"content":{"rendered":"<p>\u015eanl\u0131urfa&#8217;n\u0131n Halfeti il\u00e7esinde Birecik Cumhuriyet Ba\u015fsavc\u0131l\u0131\u011f\u0131 taraf\u0131ndan y\u00fcr\u00fct\u00fclen soru\u015fturma kapsam\u0131nda, 2019-2024 y\u0131llar\u0131 aras\u0131ndaki ihalelerde yolsuzluk yap\u0131ld\u0131\u011f\u0131 iddias\u0131yla \u015fafak operasyonu d\u00fczenlendi.<\/p>\n<p>Aralar\u0131nda eski belediye ba\u015fkan\u0131 \u015eeref Albayrak&#8217;\u0131n da bulundu\u011fu belediye ba\u015fkan vekilleri, enc\u00fcmenler ve birim m\u00fcd\u00fcrlerinden olu\u015fan toplam 47 ki\u015fi g\u00f6zalt\u0131na al\u0131nd\u0131.<\/p>\n<p>Geli\u015fmeler \u00fczerine DEM Parti \u015eanl\u0131urfa \u0130l \u00d6rg\u00fct\u00fc, Ahmet Bah\u00e7\u0131van \u0130l\u00e7e binas\u0131nda bir bas\u0131n a\u00e7\u0131klamas\u0131 ger\u00e7ekle\u015ftirdi.<\/p>\n<p>A\u00e7\u0131klamaya DEM Parti \u015eanl\u0131urfa \u0130l E\u015f Ba\u015fkanlar\u0131 Nihat Demirbilekli ve Ay\u015fe S\u00fcr\u00fcc\u00fc ile eski Halfeti belediye e\u015f ba\u015fkanlar\u0131 Mehmet Karay\u0131lan ve Saniye Bayram kat\u0131l\u0131m sa\u011flad\u0131.<\/p>\n<p><img loading=\"lazy\" decoding=\"async\" alt=\"Halfeti'deki operasyonun ard\u0131ndan DEM Parti'den a\u00e7\u0131klamalar!\" class=\"mx-auto max-w-full h-auto shadow-sm\" height=\"900\" src=\"https:\/\/www.urfahaber.com\/images\/uploads\/2026\/04\/whatsapp-image-2026-04-27-at-164216-1-69ef698a6c495.jpeg\" width=\"1200\" \/><\/p>\n<p><em>Bas\u0131n a\u00e7\u0131klamas\u0131nda konu\u015fan Nihat Demirbilekli, g\u00f6zalt\u0131lara ve kayyum y\u00f6netimlerine dair \u015fu ifadeleri kulland\u0131:<\/em><\/p>\n<p>&#8220;Kayyumda bulabilece\u011finiz tek \u015fey h\u0131rs\u0131zl\u0131k gaspt\u0131r o kadar s\u00f6ylememize ra\u011fmen tepki g\u00f6stermemize ra\u011fmen maalesef hala da devam etmektedir. Kayyum rejimi bir \u00e7\u00f6z\u00fcm de\u011fil tam tersini sorunlar\u0131n giderek \u00e7\u00f6z\u00fcmle\u015fmesi kangren haline d\u00f6n\u00fc\u015fmesidir. Nitekim bug\u00fcn olaylar devam ediyor elbette hukuk \u00f6n\u00fcnde hesapla\u015fmalar devam edecektir ancak \u00e7a\u011fr\u0131m\u0131z nettir kayyum rejiminden vazge\u00e7in. Biz son sekiz y\u0131ld\u0131r kayyum rejiminden en \u00e7ok nasibini alan siyasi partiyiz. Belediyelerimizin \u00fc\u00e7 ay i\u00e7inde be\u015f ay i\u00e7erisinde on ay i\u00e7erisinde kayyumlar atand\u0131. Nitekim se\u00e7imlerde halk iradesini g\u00f6sterdi ve tekrar belediyelerimiz ald\u0131k. Ald\u0131k ama nas\u0131l? Bor\u00e7 i\u00e7inde har\u00e7 i\u00e7inde talan edilmi\u015f bir \u015fekilde yanda\u015f\u0131 zenginle\u015ftirmi\u015f sonunda paras\u0131na para servetine servet katm\u0131\u015f kendine bir talanc\u0131 ekip kurmu\u015f. Nitekim bug\u00fcn de tamam\u0131 g\u00f6zalt\u0131nda. Sorun \u00fc\u00e7 ki\u015finin al\u0131nmas\u0131 sorunu de\u011fil sorun arkada kimler var bu i\u015f kime dayan\u0131yor bu kime hizmet ediyor bunu de\u011ferlendirmek gerekiyor.&#8221;<\/p>\n<p><em>Detaylar Geliyor&#8230;<\/em><\/p>\n","protected":false},"excerpt":{"rendered":"<p>\u015eanl\u0131urfa&#8217;n\u0131n Halfeti il\u00e7esinde Birecik Cumhuriyet Ba\u015fsavc\u0131l\u0131\u011f\u0131 taraf\u0131ndan y\u00fcr\u00fct\u00fclen soru\u015fturma kapsam\u0131nda, 2019-2024 y\u0131llar\u0131 aras\u0131ndaki ihalelerde yolsuzluk&#8230;<\/p>\n","protected":false},"author":1,"featured_media":7906,"comment_status":"closed","ping_status":"closed","sticky":false,"template":"","format":"standard","meta":{"footnotes":""},"categories":[1],"tags":[],"class_list":["post-7905","post","type-post","status-publish","format-standard","has-post-thumbnail","hentry","category-guncel"],"_links":{"self":[{"href":"https:\/\/ruhatv.org\/index.php\/wp-json\/wp\/v2\/posts\/7905","targetHints":{"allow":["GET"]}}],"collection":[{"href":"https:\/\/ruhatv.org\/index.php\/wp-json\/wp\/v2\/posts"}],"about":[{"href":"https:\/\/ruhatv.org\/index.php\/wp-json\/wp\/v2\/types\/post"}],"author":[{"embeddable":true,"href":"https:\/\/ruhatv.org\/index.php\/wp-json\/wp\/v2\/users\/1"}],"replies":[{"embeddable":true,"href":"https:\/\/ruhatv.org\/index.php\/wp-json\/wp\/v2\/comments?post=7905"}],"version-history":[{"count":0,"href":"https:\/\/ruhatv.org\/index.php\/wp-json\/wp\/v2\/posts\/7905\/revisions"}],"wp:featuredmedia":[{"embeddable":true,"href":"https:\/\/ruhatv.org\/index.php\/wp-json\/wp\/v2\/media\/7906"}],"wp:attachment":[{"href":"https:\/\/ruhatv.org\/index.php\/wp-json\/wp\/v2\/media?parent=7905"}],"wp:term":[{"taxonomy":"category","embeddable":true,"href":"https:\/\/ruhatv.org\/index.php\/wp-json\/wp\/v2\/categories?post=7905"},{"taxonomy":"post_tag","embeddable":true,"href":"https:\/\/ruhatv.org\/index.php\/wp-json\/wp\/v2\/tags?post=7905"}],"curies":[{"name":"wp","href":"https:\/\/api.w.org\/{rel}","templated":true}]}}