{"id":7922,"date":"2026-04-28T06:46:01","date_gmt":"2026-04-28T06:46:01","guid":{"rendered":"https:\/\/ruhatv.org\/index.php\/2026\/04\/28\/halfeti-eski-belediye-baskani-seref-albayrak-tutuklandi\/"},"modified":"2026-04-28T06:46:01","modified_gmt":"2026-04-28T06:46:01","slug":"halfeti-eski-belediye-baskani-seref-albayrak-tutuklandi","status":"publish","type":"post","link":"https:\/\/ruhatv.org\/index.php\/2026\/04\/28\/halfeti-eski-belediye-baskani-seref-albayrak-tutuklandi\/","title":{"rendered":"Halfeti Eski Belediye Ba\u015fkan\u0131 \u015eeref Albayrak tutukland\u0131!"},"content":{"rendered":"<p>\u015eanl\u0131urfa \u0130l Emniyet M\u00fcd\u00fcrl\u00fc\u011f\u00fc Ka\u00e7ak\u00e7\u0131l\u0131k ve Organize Su\u00e7larla M\u00fccadele \u015eube M\u00fcd\u00fcrl\u00fc\u011f\u00fc \u00a0(KOM) ekiplerinin, Halfeti Belediyesi\u2019ne y\u00f6nelik ger\u00e7ekle\u015ftirdi\u011fi ihale ve yolsuzluk operasyonunda yeni\u00a0bir geli\u015fme ya\u015fand\u0131.<\/p>\n<p>Operasyon kapsam\u0131nda g\u00f6zalt\u0131na al\u0131nanlar aras\u0131nda\u00a0eski belediye ba\u015fkan\u0131 \u015eeref Albayrak\u2019\u0131n da bulunuyor.<\/p>\n<h2><img loading=\"lazy\" decoding=\"async\" alt=\"Halfeti Eski Belediye Ba\u015fkan\u0131 \u015eeref Albayrak tutukland\u0131!\" class=\"mx-auto max-w-full h-auto shadow-sm\" height=\"576\" src=\"https:\/\/www.urfahaber.com\/images\/uploads\/2026\/04\/zanli-69f057f2a644b.jpg\" width=\"1024\" \/><strong>ZANLILARDAN 29&#8217;U TUTUKLANDI<\/strong><\/h2>\n<p>\u0130fadeleri al\u0131nan \u015f\u00fcpheliden\u00a03\u2019\u00fc serbest b\u0131rak\u0131l\u0131rken, di\u011fer zanl\u0131lar ise i\u015flemlerinin ard\u0131ndan Birecik\u2019e sevk edildi. Polis e\u015fli\u011finde Birecik Adliyesi\u2019ne \u00e7\u0131kar\u0131lan zanl\u0131lardan 29&#8217;u tutukland\u0131.\u00a017 \u015f\u00fcpheliden 3&#8217;\u00fc serbest b\u0131rak\u0131l\u0131rken, 14&#8217;\u00fc ise adli kontrol \u015fart\u0131yla sal\u0131verildi.<\/p>\n<h2><img loading=\"lazy\" decoding=\"async\" alt=\"Halfeti Eski Belediye Ba\u015fkan\u0131 \u015eeref Albayrak tutukland\u0131!\" class=\"mx-auto max-w-full h-auto shadow-sm\" height=\"675\" src=\"https:\/\/www.urfahaber.com\/images\/uploads\/2026\/04\/albayrak-69f057db2ba80.jpg\" width=\"1200\" \/><strong>ESK\u0130 BA\u015eKAN ALBAYRAK DA TUTUKLANDI<\/strong><\/h2>\n<p>Tutuklanan 29 \u015f\u00fchelinin aras\u0131nda Halfeti Eski Belediye Ba\u015fkan\u0131 \u015eeref Albayrak da bulunuyor.\u00a0<\/p>\n<p>\u00d6te yandan, adliyeye sevki s\u0131ras\u0131nda kelep\u00e7eli oldu\u011fu g\u00f6r\u00fclen Albayrak, polis e\u015fli\u011finde g\u00f6t\u00fcr\u00fcl\u00fcrken tepki g\u00f6stererek, \u201c\u00d6rg\u00fct ba\u015f\u0131n\u0131n memleketinde se\u00e7im kazananlara kelep\u00e7e takanlar utans\u0131n. \u0130mamo\u011flu\u2019na kelep\u00e7e takmayanlar, \u015eeref Albayrak\u2019a kelep\u00e7e takt\u0131lar\u201d ifadelerini kulland\u0131.<\/p>\n<h2><img loading=\"lazy\" decoding=\"async\" alt=\"Halfeti Eski Belediye Ba\u015fkan\u0131 \u015eeref Albayrak tutukland\u0131!\" class=\"mx-auto max-w-full h-auto shadow-sm\" height=\"675\" src=\"https:\/\/www.urfahaber.com\/images\/uploads\/2026\/04\/adliye-69f058215a923.jpg\" width=\"1200\" \/><strong>ALBAYRAK BERAAT\u0130N\u0130 \u0130STED\u0130<\/strong><\/h2>\n<p>Halfeti eski Belediye Ba\u015fkan\u0131 \u015eeref Albayrak, savunmas\u0131nda y\u00f6neltilen su\u00e7lamalar\u0131 reddederek birlikte yarg\u0131lanan di\u011fer \u015f\u00fcphelilerin de masum oldu\u011funu savundu. Albayrak, mahkeme salonunda yapt\u0131\u011f\u0131 konu\u015fmada, &#8220;B\u00fct\u00fcn arkada\u015flar\u0131m su\u00e7suzdur, hepsini b\u0131rak\u0131n. Ben de su\u00e7suzum, su\u00e7lamalar\u0131 kabul etmiyorum. Buradaki arkada\u015flar\u0131m\u0131n hepsi masumdur. Onlar\u0131 b\u0131rak\u0131n, alacaksan\u0131z beni al\u0131n&#8221; ifadelerini kulland\u0131.<\/p>\n<p>\u00a0<\/p>\n","protected":false},"excerpt":{"rendered":"<p>\u015eanl\u0131urfa \u0130l Emniyet M\u00fcd\u00fcrl\u00fc\u011f\u00fc Ka\u00e7ak\u00e7\u0131l\u0131k ve Organize Su\u00e7larla M\u00fccadele \u015eube M\u00fcd\u00fcrl\u00fc\u011f\u00fc \u00a0(KOM) ekiplerinin, Halfeti Belediyesi\u2019ne&#8230;<\/p>\n","protected":false},"author":1,"featured_media":7923,"comment_status":"closed","ping_status":"closed","sticky":false,"template":"","format":"standard","meta":{"footnotes":""},"categories":[1],"tags":[],"class_list":["post-7922","post","type-post","status-publish","format-standard","has-post-thumbnail","hentry","category-guncel"],"_links":{"self":[{"href":"https:\/\/ruhatv.org\/index.php\/wp-json\/wp\/v2\/posts\/7922","targetHints":{"allow":["GET"]}}],"collection":[{"href":"https:\/\/ruhatv.org\/index.php\/wp-json\/wp\/v2\/posts"}],"about":[{"href":"https:\/\/ruhatv.org\/index.php\/wp-json\/wp\/v2\/types\/post"}],"author":[{"embeddable":true,"href":"https:\/\/ruhatv.org\/index.php\/wp-json\/wp\/v2\/users\/1"}],"replies":[{"embeddable":true,"href":"https:\/\/ruhatv.org\/index.php\/wp-json\/wp\/v2\/comments?post=7922"}],"version-history":[{"count":0,"href":"https:\/\/ruhatv.org\/index.php\/wp-json\/wp\/v2\/posts\/7922\/revisions"}],"wp:featuredmedia":[{"embeddable":true,"href":"https:\/\/ruhatv.org\/index.php\/wp-json\/wp\/v2\/media\/7923"}],"wp:attachment":[{"href":"https:\/\/ruhatv.org\/index.php\/wp-json\/wp\/v2\/media?parent=7922"}],"wp:term":[{"taxonomy":"category","embeddable":true,"href":"https:\/\/ruhatv.org\/index.php\/wp-json\/wp\/v2\/categories?post=7922"},{"taxonomy":"post_tag","embeddable":true,"href":"https:\/\/ruhatv.org\/index.php\/wp-json\/wp\/v2\/tags?post=7922"}],"curies":[{"name":"wp","href":"https:\/\/api.w.org\/{rel}","templated":true}]}}