{"id":7925,"date":"2026-04-28T07:03:45","date_gmt":"2026-04-28T07:03:45","guid":{"rendered":"https:\/\/ruhatv.org\/index.php\/2026\/04\/28\/cumhurbaskani-erdogandan-ihracatcilara-vergi-indirimi-mujdesi\/"},"modified":"2026-04-28T07:03:45","modified_gmt":"2026-04-28T07:03:45","slug":"cumhurbaskani-erdogandan-ihracatcilara-vergi-indirimi-mujdesi","status":"publish","type":"post","link":"https:\/\/ruhatv.org\/index.php\/2026\/04\/28\/cumhurbaskani-erdogandan-ihracatcilara-vergi-indirimi-mujdesi\/","title":{"rendered":"Cumhurba\u015fkan\u0131 Erdo\u011fan&#8217;dan ihracat\u00e7\u0131lara vergi indirimi m\u00fcjdesi!"},"content":{"rendered":"<p>Cumhurba\u015fkan\u0131 Recep Tayyip Erdo\u011fan, &#8220;\u0130hracat\u0131 \u00fclkemizin t\u00fcm\u00fcne g\u00fc\u00e7l\u00fc bir \u015fekilde yaymak temel hedefimizdir. Ayr\u0131ca y\u00fcksek katma de\u011ferli ve rekabet\u00e7i ihracat parolas\u0131yla pazarlar\u0131m\u0131z\u0131 ve \u00fcr\u00fcnlerimizi \u00e7e\u015fitlendiriyoruz. Bu ama\u00e7la y\u00fczde 25 olan genel kurumlar vergisi oran\u0131m\u0131z\u0131 ihracat\u00e7\u0131lara 5 puan, imalat\u00e7\u0131lara ilave 1 puan indirimli uygulamaktayd\u0131k. \u015eimdi daha radikal bir ad\u0131m atarak \u00f6zellikle imalat\u00e7\u0131 ihracat\u00e7\u0131lar\u0131m\u0131zda bu vergiyi y\u00fczde 9\u2019a indiriyoruz. Di\u011fer ihracat\u00e7\u0131 kurumlar\u0131m\u0131z i\u00e7in de y\u00fczde 14\u2019e \u00e7ekiyoruz&#8221; dedi.<\/p>\n<p><img loading=\"lazy\" decoding=\"async\" alt=\"Cumhurba\u015fkan\u0131 Erdo\u011fan'dan ihracat\u00e7\u0131lara vergi indirimi m\u00fcjdesi!\" class=\"mx-auto max-w-full h-auto shadow-sm\" height=\"535\" src=\"https:\/\/www.urfahaber.com\/images\/uploads\/2026\/04\/erdogan-ara1-69f05babe078f.jpg\" width=\"843\" \/><\/p>\n<p>Cumhurba\u015fkan\u0131 Recep Tayyip Erdo\u011fan, \u0130stanbul\u2019da d\u00fczenlenen T\u00fcrkiye Y\u00fczy\u0131l\u0131 Yat\u0131r\u0131m \u0130\u00e7in G\u00fc\u00e7l\u00fc Merkez Program\u0131&#8217;nda konu\u015ftu. Cumhurba\u015fkan\u0131 Erdo\u011fan, &#8220;T\u00fcrkiye Y\u00fczy\u0131l\u0131\u2019nda yat\u0131r\u0131mlar i\u00e7in G\u00fc\u00e7l\u00fc Merkez Toplant\u0131s\u0131 vesilesiyle sizlerle beraber olmaktan b\u00fcy\u00fck bir memnuniyet duyuyorum. Toplant\u0131m\u0131z\u0131n ve burada alaca\u011f\u0131m\u0131z kararlar\u0131n ekonomimiz i\u00e7in hay\u0131rlara vesile olmas\u0131n\u0131 diliyorum. Bu \u00f6nemli bulu\u015fmaya vesile olan herkese te\u015fekk\u00fcr ediyorum. B\u00f6lgemiz ve d\u00fcnya ekonomisi son d\u00f6nemin en sars\u0131nt\u0131l\u0131, en belirsiz g\u00fcnlerini ya\u015f\u0131yor. \u0130\u015f ve ekonomi \u00e7evrelerimiz ba\u015fta olmak \u00fczere hemen herkes bir taraftan g\u00fcn a\u015f\u0131r\u0131 de\u011fi\u015fen atmosferi takip ederken, di\u011fer taraftan yo\u011fun sis bulutu aras\u0131nda yolunu ve y\u00f6n\u00fcn\u00fc bulmaya \u00e7al\u0131\u015f\u0131yor. \u00c7at\u0131\u015fmalar\u0131n olumsuz etkisi enerjinin yan\u0131 s\u0131ra \u00fcretim, ticaret, turizm ve ula\u015f\u0131m gibi pek \u00e7ok sekt\u00f6rde derinden hissediliyor. Haftada birka\u00e7 defa de\u011fi\u015fen akaryak\u0131t fiyatlar\u0131ndan koronavir\u00fcs g\u00fcnlerini and\u0131ran k\u0131s\u0131tlamalara kadar geni\u015f bir yelpazede bunu g\u00f6r\u00fcyoruz. Her ne kadar ate\u015fin har\u0131 s\u00f6nm\u00fc\u015f olmakla birlikte ne b\u00f6lgemiz ne de d\u00fcnya, gerilimin gelece\u011fine dair y\u00fczde y\u00fcz emin olam\u0131yor. \u0130srail gibi sava\u015f\u0131n fitilini tekrar ate\u015flemeye \u00e7al\u0131\u015fan odaklara ra\u011fmen ihtiyatl\u0131 bir iyimserlikle hep beraber s\u00fcre\u00e7leri takip ediyoruz. Sadece bununla kalm\u0131yor, ate\u015fkesin kal\u0131c\u0131 hale gelmesi ve adil bar\u0131\u015fa giden yolun a\u00e7\u0131lmas\u0131 i\u00e7in elimizden geleni yap\u0131yoruz. \u015eahs\u0131m\u0131z bir yandan, bakan arkada\u015flar\u0131m\u0131z di\u011fer yandan g\u00f6r\u00fc\u015fmelerimizi s\u00fcrd\u00fcr\u00fcyoruz. \u0130n\u015fallah netice alana kadar dost ve karde\u015f \u00fclkelerimizle i\u015f birli\u011fi i\u00e7erisinde \u00e7abalar\u0131m\u0131z\u0131 devam ettirece\u011fiz. \u015euras\u0131 bir ger\u00e7ek ki art\u0131k ne b\u00f6lgemiz ne de d\u00fcnya eskiye d\u00f6nebilir. B\u00f6ylesine b\u00fcy\u00fck bir sars\u0131nt\u0131n\u0131n sebep oldu\u011fu k\u0131r\u0131lmalar\u0131n yans\u0131malar\u0131 zaman ge\u00e7tik\u00e7e daha net g\u00f6r\u00fclecektir&#8221; dedi.<\/p>\n<p><img loading=\"lazy\" decoding=\"async\" alt=\"Cumhurba\u015fkan\u0131 Erdo\u011fan'dan ihracat\u00e7\u0131lara vergi indirimi m\u00fcjdesi!\" class=\"mx-auto max-w-full h-auto shadow-sm\" height=\"449\" src=\"https:\/\/www.urfahaber.com\/images\/uploads\/2026\/04\/erdogan-ara2-69f05bb8e0906.jpg\" width=\"839\" \/><\/p>\n<h2>&#8220;T\u00dcRK\u0130YE\u2019Y\u0130 K\u00dcRESEL B\u0130R CAZ\u0130BE MERKEZ\u0130 HAL\u0130NE GET\u0130RMEKTE KARARLIYIZ&#8221;<\/h2>\n<p>&#8220;T\u00fcrkiye en b\u00fcy\u00fck g\u00fcvenlik krizini ba\u015far\u0131yla y\u00f6neterek b\u00f6lgesinin istikrar adas\u0131 oldu\u011funu bir kere daha teyit ve tescil etmi\u015ftir&#8221; diyen Cumhurba\u015fkan\u0131 Erdo\u011fan, &#8220;Global ekonomik d\u00fczeni ve de\u011fer zincirlerini yeniden \u015fekillendiren bu sava\u015f, \u00fclkemizi k\u00fcresel ekonomik istikrar\u0131n kilit ta\u015f\u0131 haline getirmi\u015ftir. Y\u0131llard\u0131r T\u00fcrkiye\u2019yi do\u011fu-bat\u0131 ve kuzey-g\u00fcney aras\u0131nda bir k\u00f6pr\u00fc olarak tarif eden tan\u0131mlar\u0131n yetersizli\u011fi yine bu s\u00fcre\u00e7te g\u00f6r\u00fclm\u00fc\u015ft\u00fcr. Ortaya \u00e7\u0131kt\u0131 ki \u00fclkemiz salt bir k\u00f6pr\u00fc veya enerji koridoru de\u011fil, b\u00f6lgedeki enerji ve ticaret koridorlar\u0131n\u0131n vazge\u00e7ilmez \u00fcss\u00fcd\u00fcr. Daha \u00f6nce farkl\u0131 vesilelerle ifade etti\u011fim bir ger\u00e7e\u011fin alt\u0131n\u0131 tekrar \u00e7iziyorum. T\u00fcrkiye kabuk de\u011fi\u015ftiren ve \u00e7ok kutuplulu\u011fa do\u011fru evrilen d\u00fcnyan\u0131n yeni kutup ba\u015flar\u0131ndan biri olmaya en g\u00fc\u00e7l\u00fc namzettir. Bunu hem biz g\u00f6r\u00fcyoruz hem de dost, kom\u015fu ve rakiplerimiz g\u00f6r\u00fcyor. \u00dclkemizi yeni d\u00f6neme haz\u0131rlayacak stratejileri \u015fimdiden planl\u0131yor, altyap\u0131s\u0131n\u0131 kuruyor, en k\u00fc\u00e7\u00fck bir bo\u015fluk b\u0131rakm\u0131yoruz. Bu minvalde rekabet g\u00fcc\u00fcm\u00fcz\u00fc art\u0131racak, s\u00fcrd\u00fcr\u00fclebilir y\u00fcksek b\u00fcy\u00fcmeyi sa\u011flayacak yat\u0131r\u0131m ortam\u0131n\u0131 g\u00fc\u00e7lendirmek suretiyle uluslararas\u0131 do\u011frudan yat\u0131r\u0131mlar\u0131 destekleyecek hukuki, idari, mali ve kurumsal ad\u0131mlar\u0131 at\u0131yoruz. T\u00fcrkiye\u2019yi k\u00fcresel bir cazibe merkezi haline getirmekte kararl\u0131y\u0131z. Yak\u0131nda Meclisimize sunaca\u011f\u0131m\u0131z kapsaml\u0131 d\u00fczenlemeyle \u00fclkemizin \u00e7ekim g\u00fcc\u00fcn\u00fc \u00e7ok daha ileri ta\u015f\u0131yaca\u011f\u0131z. \u0130stanbul Finans Merkezimizin \u00e7al\u0131\u015fmalar\u0131na 2009 y\u0131l\u0131nda ba\u015flam\u0131\u015f, burada k\u00fcresel piyasalarla uyumlu ve uluslararas\u0131 alanda hizmet ihra\u00e7 edebilen bir finans sekt\u00f6r\u00fcn\u00fcn olu\u015fmas\u0131n\u0131 hedeflemi\u015ftik. Geldi\u011fimiz noktada \u0130stanbul Finans Merkezi 17 sene \u00f6nce \u00f6ng\u00f6rd\u00fc\u011f\u00fcm\u00fcz hedeflere do\u011fru emin ad\u0131mlarla ilerliyor. \u015eimdi bu konuda yeni bir ad\u0131m at\u0131yoruz. Yapaca\u011f\u0131m\u0131z d\u00fczenlemelerle \u0130stanbul Finans Merkezi\u2019nde faaliyet g\u00f6steren kurumlara sa\u011flanan vergi avantaj\u0131n\u0131 geni\u015fletiyoruz&#8221; \u015feklinde konu\u015ftu.<\/p>\n<p><img loading=\"lazy\" decoding=\"async\" alt=\"Cumhurba\u015fkan\u0131 Erdo\u011fan'dan ihracat\u00e7\u0131lara vergi indirimi m\u00fcjdesi!\" class=\"mx-auto max-w-full h-auto shadow-sm\" height=\"495\" src=\"https:\/\/www.urfahaber.com\/images\/uploads\/2026\/04\/erdogan-ara3-69f05bc609f11.jpg\" width=\"848\" \/><\/p>\n<h2>&#8216;TEK DURAK B\u00dcRO&#8217; UYGULAMASI<\/h2>\n<p>Uygulanacak \u2018Tek Durak B\u00fcro\u2019 uygulamas\u0131 hakk\u0131nda konu\u015fan Erdo\u011fan, &#8220;Transit ticaret veya yurt d\u0131\u015f\u0131nda ger\u00e7ekle\u015fen mal al\u0131m sat\u0131mlar\u0131na arac\u0131l\u0131k faaliyetlerinden elde edilen kazan\u00e7larda mevcut y\u00fczde 50\u2019lik indirim oran\u0131n\u0131 y\u00fczde 100\u2019e \u00e7\u0131kar\u0131yoruz. B\u00f6ylece bahse konu faaliyetlerden elde edilen kazan\u00e7tan kurumlar vergisi almayaca\u011f\u0131z. Bu te\u015fviki ilk defa \u0130stanbul Finans Merkezi d\u0131\u015f\u0131na da yay\u0131yoruz. \u0130stanbul Finans Merkezi d\u0131\u015f\u0131nda da transit ticaret faaliyetlerinde bulunanlar\u0131n bu kazan\u00e7lar\u0131n\u0131n y\u00fczde 95\u2019ini vergi d\u0131\u015f\u0131 b\u0131rak\u0131yoruz. Bir di\u011fer \u00f6nceli\u011fimiz, k\u00fcresel \u015firketlerin b\u00f6lgesel y\u00f6netim merkezlerini T\u00fcrkiye\u2019ye ta\u015f\u0131malar\u0131n\u0131 te\u015fvik etmektir. Bu \u015firketlerin yurt d\u0131\u015f\u0131 operasyonlar\u0131n\u0131 T\u00fcrkiye\u2019den y\u00f6neterek elde ettikleri kazan\u00e7lara g\u00fc\u00e7l\u00fc bir vergi avantaj\u0131 sa\u011fl\u0131yoruz. B\u00f6ylece \u00f6n\u00fcm\u00fczdeki 20 sene boyunca \u0130stanbul Finans Merkezi i\u00e7inde elde edilen kazan\u00e7lar\u0131n y\u00fczde 100\u2019\u00fc, bunun d\u0131\u015f\u0131nda elde edilenin ise y\u00fczde 95\u2019i kurum kazanc\u0131ndan indirilebilecek. Keza buralarda \u00e7al\u0131\u015fan nitelikli \u00e7al\u0131\u015fanlara belli \u015fartlarla \u00fccret istisnas\u0131 getiriyoruz. Bir ba\u015fka \u00f6nemli ad\u0131m\u0131m\u0131z, b\u00fcy\u00fck \u00f6l\u00e7ekli ve nitelikli uluslararas\u0131 do\u011frudan yat\u0131r\u0131m s\u00fcre\u00e7lerinin tek merkezden y\u00fcr\u00fct\u00fclmesidir; yani Tek Durak B\u00fcro. Bu uygulamayla yat\u0131r\u0131m s\u00fcre\u00e7lerinin sadele\u015ftirildi\u011fi, h\u0131zl\u0131 ve dijital destekli yat\u0131r\u0131mc\u0131 dostu bir yap\u0131 kuruyoruz. Cumhurba\u015fkanl\u0131\u011f\u0131 Yat\u0131r\u0131m ve Finans Ofisi koordinasyonunda, ilgili kurum ve kurulu\u015flar\u0131m\u0131zdan yetkililer Tek Durak B\u00fcro\u2019da g\u00f6rev yapacak. Bu yap\u0131 sayesinde \u015firket kurulu\u015fundan \u00e7al\u0131\u015fma ve ikamet izinlerine, vergi ve SGK i\u015flemlerinden \u0130\u015eKUR s\u00fcre\u00e7lerine, arazi, te\u015fvik ve \u00c7ED izinlerine kadar t\u00fcm i\u015flemler tek bir merkezden kolayca takip edilebilecek. \u015eimdiden hay\u0131rl\u0131 u\u011furlu olsun diyorum&#8221; ifadelerini kulland\u0131.<\/p>\n<p><img loading=\"lazy\" decoding=\"async\" alt=\"Cumhurba\u015fkan\u0131 Erdo\u011fan'dan ihracat\u00e7\u0131lara vergi indirimi m\u00fcjdesi!\" class=\"mx-auto max-w-full h-auto shadow-sm\" height=\"578\" src=\"https:\/\/www.urfahaber.com\/images\/uploads\/2026\/04\/erdogan-ara4-69f05bd1d7635.jpg\" width=\"846\" \/><\/p>\n<h2>&#8220;\u0130MALAT\u00c7I \u0130HRACAT\u00c7ILARIMIZDA BU VERG\u0130Y\u0130 Y\u00dcZDE 9\u2019A \u0130ND\u0130R\u0130YORUZ&#8221;<\/h2>\n<p>\u0130hracat\u00e7\u0131 firmalara uygulanacak vergi indirimlerine de\u011finen Erdo\u011fan, &#8220;Bizim ihracata verdi\u011fimiz \u00f6nemi hepiniz \u00e7ok iyi biliyorsunuz. H\u00fck\u00fcmetlerimiz d\u00f6neminde yat\u0131r\u0131m\u0131, \u00fcretimi, istihdam\u0131 ve ihracat\u0131 desteklemek amac\u0131yla say\u0131s\u0131z d\u00fczenlemeler yapt\u0131k. \u0130hracat\u0131 \u00fclkemizin t\u00fcm\u00fcne g\u00fc\u00e7l\u00fc bir \u015fekilde yaymak temel hedefimizdir. Ayr\u0131ca y\u00fcksek katma de\u011ferli ve rekabet\u00e7i ihracat parolas\u0131yla pazarlar\u0131m\u0131z\u0131 ve \u00fcr\u00fcnlerimizi \u00e7e\u015fitlendiriyoruz. Bu ama\u00e7la y\u00fczde 25 olan genel kurumlar vergisi oran\u0131m\u0131z\u0131 ihracat\u00e7\u0131lara 5 puan, imalat\u00e7\u0131lara ilave 1 puan indirimli uygulamaktayd\u0131k. \u015eimdi daha radikal bir ad\u0131m atarak \u00f6zellikle imalat\u00e7\u0131 ihracat\u00e7\u0131lar\u0131m\u0131zda bu vergiyi y\u00fczde 9\u2019a indiriyoruz. Di\u011fer ihracat\u00e7\u0131 kurumlar\u0131m\u0131z i\u00e7in de y\u00fczde 14\u2019e \u00e7ekiyoruz. Yine ihracat kadar kritik olan bir di\u011fer konu, \u00fclkemize d\u00f6viz kazand\u0131r\u0131c\u0131 te\u015fviklerdir. Bu noktada vergi kanunlar\u0131m\u0131zda \u00e7ok say\u0131da d\u00fczenleme var; \u015fimdi bunlara in\u015fallah yenilerini ekleyece\u011fiz. Yurt d\u0131\u015f\u0131nda ya\u015fayan ve son 3 y\u0131lda \u00fclkemizde vergi m\u00fckellefi olmayan ki\u015filerin \u00fclkemize gelmeleri halinde 20 y\u0131l boyunca yurt d\u0131\u015f\u0131 kaynakl\u0131 gelir ve kazan\u00e7lar\u0131 i\u00e7in T\u00fcrkiye\u2019de vergi almayaca\u011f\u0131z. Yaln\u0131zca varsa \u00fclke i\u00e7i gelirlerini vergilendirece\u011fiz. T\u00fcrkiye\u2019de bu ki\u015filer i\u00e7in veraset yoluyla intikal vergisini y\u00fczde 1 olarak uygulayaca\u011f\u0131z&#8221; diye belirtti.<\/p>\n<p>Gen\u00e7leri nitelikli bir \u015fekilde yar\u0131na haz\u0131rlad\u0131klar\u0131n\u0131 belirten Cumhurba\u015fkan\u0131 Erdo\u011fan, &#8220;\u0130stikbalimizin teminat\u0131 olan gen\u00e7lerimizin \u00f6n\u00fcn\u00fc her alanda a\u00e7maya, onlar\u0131 yar\u0131n\u0131n d\u00fcnyas\u0131na en nitelikli \u015fekilde haz\u0131rlamaya \u00e7al\u0131\u015f\u0131yoruz. D\u00fcnya yapay zekan\u0131n ve ileri teknolojilerin lokomotifli\u011fini \u00fcstlendi\u011fi yeni bir \u00fcretim modeline do\u011fru h\u0131zla yol al\u0131yor. Gen\u00e7lerimizin mimarl\u0131k, m\u00fchendislik ve yaz\u0131l\u0131m gibi yeni d\u00f6nemin y\u00fckselen sekt\u00f6rlerinde elde ettikleri ba\u015far\u0131larla gurur duyuyoruz. Bu alanlarda \u00e7al\u0131\u015fan ve yurt d\u0131\u015f\u0131ndaki m\u00fc\u015fterilere hizmet veren giri\u015fimci m\u00fckelleflerimizin yurt d\u0131\u015f\u0131 kazan\u00e7lar\u0131n\u0131n y\u00fczde 80&#8217;inden vergi alm\u0131yorduk. \u015eimdi de bu kazan\u00e7lar\u0131n tamam\u0131n\u0131n gelir ve kurumlar vergisi matrah\u0131ndan indirilmesine imkan sa\u011fl\u0131yoruz. B\u00f6ylelikle yurt d\u0131\u015f\u0131nda \u015firket kurmu\u015f veya kurulmu\u015f bir \u015firkete ortak olmu\u015f m\u00fcte\u015febbislerimizin kazand\u0131klar\u0131n\u0131 \u00fclkemize getirmelerini te\u015fvik ediyoruz. Ataca\u011f\u0131m\u0131z bir di\u011fer stratejik ad\u0131m T\u00fcrkiye&#8217;yi start-up ve giri\u015fim sermayesi ekosisteminde b\u00f6lgesel bir \u00e7ekim merkezine d\u00f6n\u00fc\u015ft\u00fcrmektir&#8221; diye konu\u015ftu.<\/p>\n<p><img loading=\"lazy\" decoding=\"async\" alt=\"Cumhurba\u015fkan\u0131 Erdo\u011fan'dan ihracat\u00e7\u0131lara vergi indirimi m\u00fcjdesi!\" class=\"mx-auto max-w-full h-auto shadow-sm\" height=\"651\" src=\"https:\/\/www.urfahaber.com\/images\/uploads\/2026\/04\/erdogana-ara3-69f05be2864e8.jpg\" width=\"855\" \/><\/p>\n<h2>&#8220;\u015e\u0130RKET KURULU\u015e VE Y\u00d6NET\u0130M S\u00dcRE\u00c7LER\u0130N\u0130 ESNEK HALE GET\u0130R\u0130YORUZ&#8221;<\/h2>\n<p>Dijital \u015firket uygulamas\u0131yla \u015firket kurulu\u015f ve y\u00f6netim s\u00fcre\u00e7lerini h\u0131zl\u0131 ve esnek hale getirdiklerini belirten Cumhurba\u015fkan\u0131 Erdo\u011fan, &#8220;\u00c7al\u0131\u015fanlar i\u00e7in hisse opsiyonu te\u015fviklerini daha etkin ve cazip bir yap\u0131ya kavu\u015fturuyoruz. Hisseye d\u00f6n\u00fc\u015ft\u00fcr\u00fclebilir bor\u00e7lanma mekanizmalar\u0131n\u0131 sadele\u015ftirmek suretiyle finansmana eri\u015fimi kolayla\u015ft\u0131r\u0131yoruz. Ayr\u0131ca Terminal \u0130stanbul projesinin ilk a\u015famas\u0131n\u0131 devreye alarak g\u00fc\u00e7l\u00fc bir giri\u015fimcilik altyap\u0131s\u0131 olu\u015fturuyoruz. Son olarak \u00fclkemiz i\u00e7in stratejik \u00f6nem ta\u015f\u0131yan b\u00fcy\u00fck \u00f6l\u00e7ekli ve nitelikli yat\u0131r\u0131mlar i\u00e7in \u00f6ng\u00f6r\u00fclebilirli\u011fi peki\u015ftirecek ad\u0131mlar\u0131 hayata ge\u00e7iriyoruz. Yat\u0131r\u0131m kararlar\u0131ndan sonraki d\u00f6nemlerde yap\u0131lan vergi d\u00fczenlemelerinin etkisini en aza indirmek ve makul ge\u00e7i\u015f s\u00fcre\u00e7leri tan\u0131mlamak \u00fczere proje baz\u0131nda g\u00fcvence sa\u011flayaca\u011f\u0131z. Bunlar da hay\u0131rl\u0131 u\u011furlu olsun diyorum. Genel \u00e7er\u00e7evesini \u00e7izdi\u011fimiz hukuki, idari, mali ve kurumsal d\u00fczenlemelerin detaylar\u0131n\u0131 in\u015fallah ekonomi y\u00f6netimimiz i\u015f d\u00fcnyam\u0131zla ve yat\u0131r\u0131mc\u0131lar\u0131m\u0131zla payla\u015facak. Ard\u0131ndan s\u00fcratle Meclis boyutundaki \u00e7al\u0131\u015fmalar ba\u015flayacak. \u015eunu burada sizlerin ve t\u00fcm vatanda\u015flar\u0131m\u0131z\u0131n \u00e7ok iyi bilmesini isterim. Kimsenin en k\u00fc\u00e7\u00fck bir teredd\u00fcd\u00fc olmas\u0131n&#8221; dedi.<\/p>\n<h2>&#8220;T\u00dcRK\u0130YE ESK\u0130 T\u00dcRK\u0130YE DE\u011e\u0130L, \u00c7OK DAHA G\u00dc\u00c7L\u00dc B\u0130R T\u00dcRK\u0130YE VAR&#8221;<\/h2>\n<p>T\u00fcrkiye&#8217;nin \u00f6n\u00fcn de ufkunun da yolunun da a\u00e7\u0131k oldu\u011funu vurgulayan Erdo\u011fan, &#8220;D\u00f6nemsel s\u0131k\u0131nt\u0131lar, d\u0131\u015f \u015fartlardan kaynakl\u0131 dalgalanmalar elbette olabilir. K\u00fcresel ekonomiyi etkileyen f\u0131rt\u0131nalar\u0131n esintilerinin bize de gelmesini gayet do\u011fal kar\u015f\u0131lamak gerekir. Fakat \u00f6ncekilerle kar\u015f\u0131la\u015ft\u0131r\u0131ld\u0131\u011f\u0131nda T\u00fcrkiye ekonomisi daha b\u00fcy\u00fck \u015foklar\u0131 absorbe edecek g\u00fcce, kapasiteye ve mukavemete hamdolsun kavu\u015fmu\u015ftur. Son 23 y\u0131lda k\u00fcresel ve b\u00f6lgesel krizlerden aln\u0131m\u0131z\u0131n ak\u0131yla \u00e7\u0131kt\u0131k. Darbe giri\u015fimleri dahil nice badirelerin \u00fcstesinden ba\u015far\u0131yla geldik. T\u00fcm karamsar senaryolara, t\u00fcm karalama kampanyalar\u0131na ra\u011fmen 238 milyar dolarl\u0131k ekonomiden bug\u00fcn 1,6 trilyon dolarl\u0131k bir ekonomiye ula\u015ft\u0131k. \u015eunu k\u00fcresel ekonomiyi ve siyaseti takip eden herkes \u00e7ok net g\u00f6r\u00fcyor: D\u00fcnya nas\u0131l ayn\u0131 d\u00fcnya, b\u00f6lgemiz nas\u0131l ayn\u0131 b\u00f6lge de\u011filse, T\u00fcrkiye de art\u0131k eski T\u00fcrkiye de\u011fil. Ekonomisiyle, savunma sanayisiyle, askeri kapasitesiyle; ula\u015ft\u0131rma, enerji, sa\u011fl\u0131k altyap\u0131s\u0131yla; be\u015feri sermayesi ve diplomatik imkanlar\u0131yla bug\u00fcn \u00e7ok farkl\u0131, \u00e7ok g\u00fc\u00e7l\u00fc bir T\u00fcrkiye var&#8221; diyerek konu\u015fmas\u0131n\u0131 sonland\u0131rd\u0131.<\/p>\n<p>Kaynak: \u0130HA<\/p>\n","protected":false},"excerpt":{"rendered":"<p>Cumhurba\u015fkan\u0131 Recep Tayyip Erdo\u011fan, &#8220;\u0130hracat\u0131 \u00fclkemizin t\u00fcm\u00fcne g\u00fc\u00e7l\u00fc bir \u015fekilde yaymak temel hedefimizdir. Ayr\u0131ca y\u00fcksek&#8230;<\/p>\n","protected":false},"author":1,"featured_media":7926,"comment_status":"closed","ping_status":"closed","sticky":false,"template":"","format":"standard","meta":{"footnotes":""},"categories":[1],"tags":[],"class_list":["post-7925","post","type-post","status-publish","format-standard","has-post-thumbnail","hentry","category-guncel"],"_links":{"self":[{"href":"https:\/\/ruhatv.org\/index.php\/wp-json\/wp\/v2\/posts\/7925","targetHints":{"allow":["GET"]}}],"collection":[{"href":"https:\/\/ruhatv.org\/index.php\/wp-json\/wp\/v2\/posts"}],"about":[{"href":"https:\/\/ruhatv.org\/index.php\/wp-json\/wp\/v2\/types\/post"}],"author":[{"embeddable":true,"href":"https:\/\/ruhatv.org\/index.php\/wp-json\/wp\/v2\/users\/1"}],"replies":[{"embeddable":true,"href":"https:\/\/ruhatv.org\/index.php\/wp-json\/wp\/v2\/comments?post=7925"}],"version-history":[{"count":0,"href":"https:\/\/ruhatv.org\/index.php\/wp-json\/wp\/v2\/posts\/7925\/revisions"}],"wp:featuredmedia":[{"embeddable":true,"href":"https:\/\/ruhatv.org\/index.php\/wp-json\/wp\/v2\/media\/7926"}],"wp:attachment":[{"href":"https:\/\/ruhatv.org\/index.php\/wp-json\/wp\/v2\/media?parent=7925"}],"wp:term":[{"taxonomy":"category","embeddable":true,"href":"https:\/\/ruhatv.org\/index.php\/wp-json\/wp\/v2\/categories?post=7925"},{"taxonomy":"post_tag","embeddable":true,"href":"https:\/\/ruhatv.org\/index.php\/wp-json\/wp\/v2\/tags?post=7925"}],"curies":[{"name":"wp","href":"https:\/\/api.w.org\/{rel}","templated":true}]}}