{"id":7944,"date":"2026-04-28T12:43:40","date_gmt":"2026-04-28T12:43:40","guid":{"rendered":"https:\/\/ruhatv.org\/index.php\/2026\/04\/28\/urfanin-gozdesi-balikligolde-bahar-yogunlugu\/"},"modified":"2026-04-28T12:43:40","modified_gmt":"2026-04-28T12:43:40","slug":"urfanin-gozdesi-balikligolde-bahar-yogunlugu","status":"publish","type":"post","link":"https:\/\/ruhatv.org\/index.php\/2026\/04\/28\/urfanin-gozdesi-balikligolde-bahar-yogunlugu\/","title":{"rendered":"Urfa&#8217;n\u0131n g\u00f6zdesi Bal\u0131kl\u0131g\u00f6l\u2019de bahar yo\u011funlu\u011fu!"},"content":{"rendered":"<p>\u015eanl\u0131urfa\u2019da bahar\u0131n gelmesi ve havan\u0131n g\u00fczelle\u015fmesini f\u0131rsat bilen vatanda\u015flar, kentin en \u00f6nemli turistik noktalar\u0131ndan biri olan Bal\u0131kl\u0131g\u00f6l\u2019e ak\u0131n etti.<\/p>\n<h2><img loading=\"lazy\" decoding=\"async\" alt=\"Urfa'n\u0131n g\u00f6zdesi Bal\u0131kl\u0131g\u00f6l\u2019de bahar yo\u011funlu\u011fu!\" class=\"mx-auto max-w-full h-auto shadow-sm\" height=\"900\" src=\"https:\/\/www.urfahaber.com\/images\/uploads\/2026\/04\/gezi-69f0ab51d8433.jpeg\" width=\"1200\" \/><strong>BALIKLIG\u00d6L&#8217;DE YO\u011eUNLUK\u00a0<\/strong><\/h2>\n<p>G\u00fcne\u015fli havay\u0131 de\u011ferlendirmek isteyen vatanda\u015flar, sabah saatlerinden itibaren Bal\u0131kl\u0131g\u00f6l \u00e7evresinde vakit ge\u00e7irdi. Aileleriyle birlikte geziye \u00e7\u0131kan ziyaret\u00e7iler, tarihi ve do\u011fal g\u00fczelliklerin tad\u0131n\u0131 \u00e7\u0131kard\u0131.<\/p>\n<h2><img loading=\"lazy\" decoding=\"async\" alt=\"Urfa'n\u0131n g\u00f6zdesi Bal\u0131kl\u0131g\u00f6l\u2019de bahar yo\u011funlu\u011fu!\" class=\"mx-auto max-w-full h-auto shadow-sm\" height=\"901\" src=\"https:\/\/www.urfahaber.com\/images\/uploads\/2026\/04\/kalabalik-69f0ab7291e66.jpeg\" width=\"1200\" \/><strong>Z\u0130YARET\u00c7\u0130LER BALIKLILARA YEM ATTI<\/strong><\/h2>\n<p>Ziyaret\u00e7ilerin en \u00e7ok ilgi g\u00f6sterdi\u011fi aktivitelerden biri ise g\u00f6ldeki bal\u0131klara yem atmak oldu. Vatanda\u015flar, g\u00f6l kenar\u0131nda uzun s\u00fcre vakit ge\u00e7irerek bal\u0131klar\u0131 izledi.<\/p>\n<h2><img loading=\"lazy\" decoding=\"async\" alt=\"Urfa'n\u0131n g\u00f6zdesi Bal\u0131kl\u0131g\u00f6l\u2019de bahar yo\u011funlu\u011fu!\" class=\"mx-auto max-w-full h-auto shadow-sm\" height=\"901\" src=\"https:\/\/www.urfahaber.com\/images\/uploads\/2026\/04\/turizim-69f0ab8a9a3eb.jpeg\" width=\"1200\" \/><strong>TUR\u0130Z\u0130M HAREKETL\u0130L\u0130\u011e\u0130 ARTIYOR<\/strong><\/h2>\n<p>Havan\u0131n \u0131s\u0131nmas\u0131yla birlikte Bal\u0131kl\u0131g\u00f6l ve \u00e7evresinde turizm hareketlili\u011finin artt\u0131\u011f\u0131 g\u00f6zlemlenirken, bahar\u0131n gelmesiyle birlikte ilerleyen g\u00fcnlerde bu yo\u011funlu\u011fun daha da artmas\u0131 bekeleniyor.<\/p>\n<p>\u00d6te yandan, baz\u0131 ziyaret\u00e7iler ise y\u00f6resel k\u0131yafetler giyerek hat\u0131ra foto\u011fraf\u0131 \u00e7ektirdi.\u00a0<\/p>\n","protected":false},"excerpt":{"rendered":"<p>\u015eanl\u0131urfa\u2019da bahar\u0131n gelmesi ve havan\u0131n g\u00fczelle\u015fmesini f\u0131rsat bilen vatanda\u015flar, kentin en \u00f6nemli turistik noktalar\u0131ndan biri&#8230;<\/p>\n","protected":false},"author":1,"featured_media":7945,"comment_status":"closed","ping_status":"closed","sticky":false,"template":"","format":"standard","meta":{"footnotes":""},"categories":[1],"tags":[],"class_list":["post-7944","post","type-post","status-publish","format-standard","has-post-thumbnail","hentry","category-guncel"],"_links":{"self":[{"href":"https:\/\/ruhatv.org\/index.php\/wp-json\/wp\/v2\/posts\/7944","targetHints":{"allow":["GET"]}}],"collection":[{"href":"https:\/\/ruhatv.org\/index.php\/wp-json\/wp\/v2\/posts"}],"about":[{"href":"https:\/\/ruhatv.org\/index.php\/wp-json\/wp\/v2\/types\/post"}],"author":[{"embeddable":true,"href":"https:\/\/ruhatv.org\/index.php\/wp-json\/wp\/v2\/users\/1"}],"replies":[{"embeddable":true,"href":"https:\/\/ruhatv.org\/index.php\/wp-json\/wp\/v2\/comments?post=7944"}],"version-history":[{"count":0,"href":"https:\/\/ruhatv.org\/index.php\/wp-json\/wp\/v2\/posts\/7944\/revisions"}],"wp:featuredmedia":[{"embeddable":true,"href":"https:\/\/ruhatv.org\/index.php\/wp-json\/wp\/v2\/media\/7945"}],"wp:attachment":[{"href":"https:\/\/ruhatv.org\/index.php\/wp-json\/wp\/v2\/media?parent=7944"}],"wp:term":[{"taxonomy":"category","embeddable":true,"href":"https:\/\/ruhatv.org\/index.php\/wp-json\/wp\/v2\/categories?post=7944"},{"taxonomy":"post_tag","embeddable":true,"href":"https:\/\/ruhatv.org\/index.php\/wp-json\/wp\/v2\/tags?post=7944"}],"curies":[{"name":"wp","href":"https:\/\/api.w.org\/{rel}","templated":true}]}}