{"id":7997,"date":"2026-04-29T10:16:54","date_gmt":"2026-04-29T10:16:54","guid":{"rendered":"https:\/\/ruhatv.org\/index.php\/2026\/04\/29\/urfaya-gelen-ispanyol-turist-hastanelik-oldu\/"},"modified":"2026-04-29T10:16:54","modified_gmt":"2026-04-29T10:16:54","slug":"urfaya-gelen-ispanyol-turist-hastanelik-oldu","status":"publish","type":"post","link":"https:\/\/ruhatv.org\/index.php\/2026\/04\/29\/urfaya-gelen-ispanyol-turist-hastanelik-oldu\/","title":{"rendered":"Urfa&#8217;ya gelen \u0130spanyol turist hastanelik oldu!"},"content":{"rendered":"<p>\u015eanl\u0131urfa Mehmet Akif \u0130nan E\u011fitim ve Ara\u015ft\u0131rma Hastanesi, ziyaret amac\u0131yla kente gelen yabanc\u0131 bir hastaya y\u00f6nelik ba\u015far\u0131l\u0131 m\u00fcdahalesiyle dikkat \u00e7ekti. \u0130spanya vatanda\u015f\u0131 Jose Miguel Marzal Gas, 2 g\u00fcnd\u00fcr devam eden \u015fiddetli kar\u0131n a\u011fr\u0131s\u0131 \u015fikayeti \u00fczerine hastanenin acil servisine ba\u015fvurdu. Yap\u0131lan muayene ve tetkiklerin ard\u0131ndan hastaya &#8220;akut perfore apandisit&#8221; tan\u0131s\u0131 konuldu. Hayati risk ta\u015f\u0131yan durum nedeniyle hasta acil ameliyata al\u0131nd\u0131. Ba\u015far\u0131yla ger\u00e7ekle\u015ftirilen operasyonun ard\u0131ndan \u0130spanyol turist sa\u011fl\u0131\u011f\u0131na kavu\u015ftu.<\/p>\n<p><img loading=\"lazy\" decoding=\"async\" alt=\"G\u00f6rsel\" class=\"mx-auto max-w-full h-auto shadow-sm\" height=\"515\" src=\"https:\/\/www.urfahaber.com\/images\/uploads\/2026\/04\/ispanyol-ara1-69f1da6ebcfc1.jpg\" width=\"832\" \/><\/p>\n<p>Genel durumu iyi olan turist, ba\u015far\u0131l\u0131 ameliyat\u0131 ger\u00e7ekle\u015ftiren genel cerrahi uzman\u0131 Op. Dr. \u0130skender Kutlu&#8217;ya yapay zeka \u00e7evirisi yard\u0131m\u0131yla te\u015fekk\u00fcr etti. Tedavi s\u00fcrecinden memnuniyet duydu\u011funu belirten Jose Miguel Marzal Gas, &#8220;Cumartesi g\u00fcn\u00fc \u00f6lece\u011fimi d\u00fc\u015f\u00fcnd\u00fcm. \u00c7ok \u015fiddetli bir a\u011fr\u0131m vard\u0131. Ancak k\u0131sa s\u00fcrede kendimi toparlad\u0131m. Doktoruma ve burada g\u00f6rev yapan t\u00fcm sa\u011fl\u0131k \u00e7al\u0131\u015fanlar\u0131na minnettar\u0131m&#8221; ifadelerini kulland\u0131.<\/p>\n<p>Sa\u011fl\u0131\u011f\u0131na kavu\u015fan turistin taburcu edilmesinin ard\u0131ndan kentteki gezisine kald\u0131\u011f\u0131 yeden devam edece\u011fi \u00f6\u011frenildi.<\/p>\n<p>Kaynak: \u0130HA<\/p>\n","protected":false},"excerpt":{"rendered":"<p>\u015eanl\u0131urfa Mehmet Akif \u0130nan E\u011fitim ve Ara\u015ft\u0131rma Hastanesi, ziyaret amac\u0131yla kente gelen yabanc\u0131 bir hastaya&#8230;<\/p>\n","protected":false},"author":1,"featured_media":7998,"comment_status":"closed","ping_status":"closed","sticky":false,"template":"","format":"standard","meta":{"footnotes":""},"categories":[1],"tags":[],"class_list":["post-7997","post","type-post","status-publish","format-standard","has-post-thumbnail","hentry","category-guncel"],"_links":{"self":[{"href":"https:\/\/ruhatv.org\/index.php\/wp-json\/wp\/v2\/posts\/7997","targetHints":{"allow":["GET"]}}],"collection":[{"href":"https:\/\/ruhatv.org\/index.php\/wp-json\/wp\/v2\/posts"}],"about":[{"href":"https:\/\/ruhatv.org\/index.php\/wp-json\/wp\/v2\/types\/post"}],"author":[{"embeddable":true,"href":"https:\/\/ruhatv.org\/index.php\/wp-json\/wp\/v2\/users\/1"}],"replies":[{"embeddable":true,"href":"https:\/\/ruhatv.org\/index.php\/wp-json\/wp\/v2\/comments?post=7997"}],"version-history":[{"count":0,"href":"https:\/\/ruhatv.org\/index.php\/wp-json\/wp\/v2\/posts\/7997\/revisions"}],"wp:featuredmedia":[{"embeddable":true,"href":"https:\/\/ruhatv.org\/index.php\/wp-json\/wp\/v2\/media\/7998"}],"wp:attachment":[{"href":"https:\/\/ruhatv.org\/index.php\/wp-json\/wp\/v2\/media?parent=7997"}],"wp:term":[{"taxonomy":"category","embeddable":true,"href":"https:\/\/ruhatv.org\/index.php\/wp-json\/wp\/v2\/categories?post=7997"},{"taxonomy":"post_tag","embeddable":true,"href":"https:\/\/ruhatv.org\/index.php\/wp-json\/wp\/v2\/tags?post=7997"}],"curies":[{"name":"wp","href":"https:\/\/api.w.org\/{rel}","templated":true}]}}