{"id":8004,"date":"2026-04-29T12:40:09","date_gmt":"2026-04-29T12:40:09","guid":{"rendered":"https:\/\/ruhatv.org\/index.php\/2026\/04\/29\/otomobilini-tamire-goturdugu-tamircide-vuruldu\/"},"modified":"2026-04-29T12:40:09","modified_gmt":"2026-04-29T12:40:09","slug":"otomobilini-tamire-goturdugu-tamircide-vuruldu","status":"publish","type":"post","link":"https:\/\/ruhatv.org\/index.php\/2026\/04\/29\/otomobilini-tamire-goturdugu-tamircide-vuruldu\/","title":{"rendered":"Otomobilini tamire g\u00f6t\u00fcrd\u00fc\u011f\u00fc tamircide vuruldu!"},"content":{"rendered":"<p>Olay saat 13.30 s\u0131ralar\u0131nda Sinanbey Mahallesi 22. Metal Sokakta faaliyet g\u00f6steren bir i\u015fyerinde meydana geldi. \u0130\u015f yerine motosikletle gelen hen\u00fcz kimlikleri belirlenemeyen 2 \u015fah\u0131s, i\u015f yerine otob\u00fcs\u00fcn\u00fc tamir i\u00e7in getiren has\u0131m olduklar\u0131 \u00f6\u011frenilen Ahmet D.(51)&#8217;ye t\u00fcfekle defalarca ate\u015f ettiler.<\/p>\n<p><img loading=\"lazy\" decoding=\"async\" alt=\"G\u00f6rsel\" class=\"mx-auto max-w-full h-auto shadow-sm\" height=\"477\" src=\"https:\/\/www.urfahaber.com\/images\/uploads\/2026\/04\/tamirci-ara1-69f1fb196da77.jpg\" width=\"848\" \/><\/p>\n<p>Sald\u0131r\u0131 s\u0131ras\u0131nda ara\u00e7 sahibi Ahmet D.(51) bacaklar\u0131na isabet eden sa\u00e7malar nedeniyle kanlar i\u00e7inde kalarak yere y\u0131\u011f\u0131ld\u0131. \u015e\u00fcpheliler geldikleri motosiklet ile ka\u00e7t\u0131lar.<\/p>\n<p><img loading=\"lazy\" decoding=\"async\" alt=\"G\u00f6rsel\" class=\"mx-auto max-w-full h-auto shadow-sm\" height=\"472\" src=\"https:\/\/www.urfahaber.com\/images\/uploads\/2026\/04\/tamirci-ara2-69f1fb2361525.jpg\" width=\"839\" \/><\/p>\n<p>Yaral\u0131 olay yerine sevk edilen Ambulansla \u0130neg\u00f6l Devlet Hastanesine kald\u0131r\u0131ld\u0131. Yaral\u0131n\u0131n sa\u011fl\u0131k durumunun ciddiyetini korudu\u011fu \u00f6\u011frenildi. Polis ka\u00e7an \u015f\u00fcphelileri ar\u0131yor.<\/p>\n<p>Kaynak: \u0130HA<\/p>\n<p><img loading=\"lazy\" decoding=\"async\" alt=\"G\u00f6rsel\" class=\"mx-auto max-w-full h-auto shadow-sm\" height=\"483\" src=\"https:\/\/www.urfahaber.com\/images\/uploads\/2026\/04\/tamirci-ara3-69f1fb47c469f.jpg\" width=\"858\" \/><\/p>\n","protected":false},"excerpt":{"rendered":"<p>Olay saat 13.30 s\u0131ralar\u0131nda Sinanbey Mahallesi 22. Metal Sokakta faaliyet g\u00f6steren bir i\u015fyerinde meydana geldi&#8230;.<\/p>\n","protected":false},"author":1,"featured_media":8005,"comment_status":"closed","ping_status":"closed","sticky":false,"template":"","format":"standard","meta":{"footnotes":""},"categories":[1],"tags":[],"class_list":["post-8004","post","type-post","status-publish","format-standard","has-post-thumbnail","hentry","category-guncel"],"_links":{"self":[{"href":"https:\/\/ruhatv.org\/index.php\/wp-json\/wp\/v2\/posts\/8004","targetHints":{"allow":["GET"]}}],"collection":[{"href":"https:\/\/ruhatv.org\/index.php\/wp-json\/wp\/v2\/posts"}],"about":[{"href":"https:\/\/ruhatv.org\/index.php\/wp-json\/wp\/v2\/types\/post"}],"author":[{"embeddable":true,"href":"https:\/\/ruhatv.org\/index.php\/wp-json\/wp\/v2\/users\/1"}],"replies":[{"embeddable":true,"href":"https:\/\/ruhatv.org\/index.php\/wp-json\/wp\/v2\/comments?post=8004"}],"version-history":[{"count":0,"href":"https:\/\/ruhatv.org\/index.php\/wp-json\/wp\/v2\/posts\/8004\/revisions"}],"wp:featuredmedia":[{"embeddable":true,"href":"https:\/\/ruhatv.org\/index.php\/wp-json\/wp\/v2\/media\/8005"}],"wp:attachment":[{"href":"https:\/\/ruhatv.org\/index.php\/wp-json\/wp\/v2\/media?parent=8004"}],"wp:term":[{"taxonomy":"category","embeddable":true,"href":"https:\/\/ruhatv.org\/index.php\/wp-json\/wp\/v2\/categories?post=8004"},{"taxonomy":"post_tag","embeddable":true,"href":"https:\/\/ruhatv.org\/index.php\/wp-json\/wp\/v2\/tags?post=8004"}],"curies":[{"name":"wp","href":"https:\/\/api.w.org\/{rel}","templated":true}]}}