{"id":8008,"date":"2026-04-29T13:31:42","date_gmt":"2026-04-29T13:31:42","guid":{"rendered":"https:\/\/ruhatv.org\/index.php\/2026\/04\/29\/rojin-kabais-sorusturmasinda-yeni-gelisme\/"},"modified":"2026-04-29T13:31:42","modified_gmt":"2026-04-29T13:31:42","slug":"rojin-kabais-sorusturmasinda-yeni-gelisme","status":"publish","type":"post","link":"https:\/\/ruhatv.org\/index.php\/2026\/04\/29\/rojin-kabais-sorusturmasinda-yeni-gelisme\/","title":{"rendered":"Rojin Kabai\u015f soru\u015fturmas\u0131nda yeni geli\u015fme!"},"content":{"rendered":"<p>Van Y\u00fcz\u00fcnc\u00fc Y\u0131l \u00dcniversitesi \u00f6\u011frencisi Rojin Kabai\u015f\u2019in \u015f\u00fcpheli \u00f6l\u00fcm\u00fcne ili\u015fkin y\u00fcr\u00fct\u00fclen soru\u015fturmada dikkat \u00e7eken a\u00e7\u0131klamalar geldi. AK Parti TBMM Grup Toplant\u0131s\u0131 \u00f6ncesi konu\u015fan Adalet Bakan\u0131 Ak\u0131n G\u00fcrlek, gen\u00e7 k\u0131z\u0131n cep telefonunun \u00e7\u00f6z\u00fclmesi i\u00e7in yerli bir ekip olu\u015fturduklar\u0131n\u0131 s\u00f6yledi.<\/p>\n<h2><strong>\u201cTELEFON \u00c7\u00d6Z\u00dcL\u00dcRSE SORU\u015eTURMADA \u00d6NEML\u0130 A\u015eAMA KAYDED\u0130LECEK\u201d<\/strong><\/h2>\n<p>Bakan G\u00fcrlek yapt\u0131\u011f\u0131 a\u00e7\u0131klamada, daha \u00f6nce yurt d\u0131\u015f\u0131na g\u00f6nderilen telefonun \u015fimdi yerli ekipler taraf\u0131ndan incelendi\u011fini belirterek, \u201cTelefonu \u00e7\u00f6zersek soru\u015fturmada \u00f6nemli bir evre alaca\u011f\u0131m\u0131z\u0131 d\u00fc\u015f\u00fcn\u00fcyoruz\u201d ifadelerini kulland\u0131.<\/p>\n<p><img loading=\"lazy\" decoding=\"async\" alt=\"Rojin Kabai\u015f soru\u015fturmas\u0131nda yeni geli\u015fme!\" class=\"mx-auto max-w-full h-auto shadow-sm\" height=\"640\" src=\"https:\/\/www.urfahaber.com\/images\/uploads\/2026\/04\/iiihhaa-69f20891a7e74.jpg\" width=\"1200\" \/><\/p>\n<p>Rojin Kabai\u015f\u2019in \u00f6l\u00fcm\u00fcyle ilgili soru\u015fturman\u0131n titizlikle s\u00fcrd\u00fc\u011f\u00fc belirtilirken, telefon incelemesinden \u00e7\u0131kacak verilerin dosyan\u0131n seyrini de\u011fi\u015ftirebilece\u011fi de\u011ferlendiriliyor.<\/p>\n<h2><strong>G\u00dcL\u0130STAN DOKU DOSYASINA DA DE\u011e\u0130ND\u0130<\/strong><\/h2>\n<p>Adalet Bakan\u0131 G\u00fcrlek, G\u00fclistan Doku soru\u015fturmas\u0131na ili\u015fkin de a\u00e7\u0131klama yapt\u0131. Hakk\u0131nda k\u0131rm\u0131z\u0131 b\u00fclten \u00e7\u0131kar\u0131lan Umut Alta\u015f\u2019\u0131n olay\u0131n \u00e7\u00f6z\u00fcm\u00fcnde kilit isim oldu\u011funu s\u00f6yleyen G\u00fcrlek, ABD makamlar\u0131yla da temas halinde olduklar\u0131n\u0131 ifade etti.<\/p>\n<h2><strong>\u00c7OCUK SU\u00c7LARI \u0130\u00c7\u0130N YEN\u0130 D\u00dcZENLEME GEL\u0130YOR<\/strong><\/h2>\n<p>Bakan G\u00fcrlek ayr\u0131ca \u00e7ocuk su\u00e7lar\u0131na ili\u015fkin yeni d\u00fczenleme haz\u0131rl\u0131\u011f\u0131nda olduklar\u0131n\u0131 a\u00e7\u0131klad\u0131. 12. Yarg\u0131 Paketi kapsam\u0131nda \u00e7ocuklara y\u00f6nelik cezalar\u0131n art\u0131r\u0131lmas\u0131na ili\u015fkin \u00e7al\u0131\u015fma y\u00fcr\u00fct\u00fcld\u00fc\u011f\u00fcn\u00fc belirten G\u00fcrlek, Aile ve Sosyal Hizmetler Bakanl\u0131\u011f\u0131 ile g\u00f6r\u00fc\u015f al\u0131\u015fveri\u015fi yap\u0131ld\u0131\u011f\u0131n\u0131 s\u00f6yledi.<\/p>\n<h2><strong>ACILI BABA: \u201cROJ\u0130N\u2019\u0130N ODA ARKADA\u015eI B\u0130R \u015eEY B\u0130L\u0130YOR\u201d<\/strong><\/h2>\n<p>\u00d6te yandan Rojin Kabai\u015f\u2019in babas\u0131 Nizamettin Kabai\u015f de yapt\u0131\u011f\u0131 a\u00e7\u0131klamalarda k\u0131z\u0131n\u0131n intihar etti\u011fine inanmad\u0131\u011f\u0131n\u0131 s\u00f6yledi. Oda arkada\u015f\u0131n\u0131n ifadelerini birka\u00e7 kez de\u011fi\u015ftirdi\u011fini \u00f6ne s\u00fcren baba Kabai\u015f, \u201cO k\u0131z bir \u015fey biliyor ama korkudan s\u00f6yleyemiyor\u201d dedi.<\/p>\n<h2><strong>\u201cBU DOSYA KARANLIKTA KALMAYACAK\u201d<\/strong><\/h2>\n<p>\u00dcniversite y\u00f6netimine y\u00f6nelik de dikkat \u00e7eken iddialarda bulunan ac\u0131l\u0131 baba, soru\u015fturman\u0131n derinle\u015ftirilmesini istedi. Adalet Bakan\u0131\u2019n\u0131n a\u00e7\u0131klamalar\u0131ndan memnun oldu\u011funu dile getiren Kabai\u015f, \u201c\u0130n\u015fallah bu dosya karanl\u0131kta kalmayacak\u201d ifadelerini kulland\u0131.<\/p>\n","protected":false},"excerpt":{"rendered":"<p>Van Y\u00fcz\u00fcnc\u00fc Y\u0131l \u00dcniversitesi \u00f6\u011frencisi Rojin Kabai\u015f\u2019in \u015f\u00fcpheli \u00f6l\u00fcm\u00fcne ili\u015fkin y\u00fcr\u00fct\u00fclen soru\u015fturmada dikkat \u00e7eken a\u00e7\u0131klamalar&#8230;<\/p>\n","protected":false},"author":1,"featured_media":8009,"comment_status":"closed","ping_status":"closed","sticky":false,"template":"","format":"standard","meta":{"footnotes":""},"categories":[1],"tags":[],"class_list":["post-8008","post","type-post","status-publish","format-standard","has-post-thumbnail","hentry","category-guncel"],"_links":{"self":[{"href":"https:\/\/ruhatv.org\/index.php\/wp-json\/wp\/v2\/posts\/8008","targetHints":{"allow":["GET"]}}],"collection":[{"href":"https:\/\/ruhatv.org\/index.php\/wp-json\/wp\/v2\/posts"}],"about":[{"href":"https:\/\/ruhatv.org\/index.php\/wp-json\/wp\/v2\/types\/post"}],"author":[{"embeddable":true,"href":"https:\/\/ruhatv.org\/index.php\/wp-json\/wp\/v2\/users\/1"}],"replies":[{"embeddable":true,"href":"https:\/\/ruhatv.org\/index.php\/wp-json\/wp\/v2\/comments?post=8008"}],"version-history":[{"count":0,"href":"https:\/\/ruhatv.org\/index.php\/wp-json\/wp\/v2\/posts\/8008\/revisions"}],"wp:featuredmedia":[{"embeddable":true,"href":"https:\/\/ruhatv.org\/index.php\/wp-json\/wp\/v2\/media\/8009"}],"wp:attachment":[{"href":"https:\/\/ruhatv.org\/index.php\/wp-json\/wp\/v2\/media?parent=8008"}],"wp:term":[{"taxonomy":"category","embeddable":true,"href":"https:\/\/ruhatv.org\/index.php\/wp-json\/wp\/v2\/categories?post=8008"},{"taxonomy":"post_tag","embeddable":true,"href":"https:\/\/ruhatv.org\/index.php\/wp-json\/wp\/v2\/tags?post=8008"}],"curies":[{"name":"wp","href":"https:\/\/api.w.org\/{rel}","templated":true}]}}