{"id":8016,"date":"2026-04-29T16:35:20","date_gmt":"2026-04-29T16:35:20","guid":{"rendered":"https:\/\/ruhatv.org\/index.php\/2026\/04\/29\/urfa-merkezli-change-arac-operasyonu\/"},"modified":"2026-04-29T16:35:20","modified_gmt":"2026-04-29T16:35:20","slug":"urfa-merkezli-change-arac-operasyonu","status":"publish","type":"post","link":"https:\/\/ruhatv.org\/index.php\/2026\/04\/29\/urfa-merkezli-change-arac-operasyonu\/","title":{"rendered":"Urfa merkezli &#8220;change ara\u00e7&#8221; operasyonu!"},"content":{"rendered":"<p>\u015eanl\u0131urfa Valili\u011fi, \u0130l Emniyet M\u00fcd\u00fcrl\u00fc\u011f\u00fc Asayi\u015f \u015eube M\u00fcd\u00fcrl\u00fc\u011f\u00fc ekiplerince \u201cnitelikli doland\u0131r\u0131c\u0131l\u0131k\u201d ve \u201cresmi belgede sahtecilik\u201d su\u00e7lar\u0131na y\u00f6nelik y\u00fcr\u00fct\u00fclen \u00e7al\u0131\u015fmalar kapsam\u0131nda\u00a0operasyon ger\u00e7ekle\u015ftirildi\u011fini duyurdu.<\/p>\n<p>Yap\u0131lan \u00e7al\u0131\u015fmalar sonucu toplam 13 ara\u00e7 ele ge\u00e7irilirken, incelemelerde 12 arac\u0131n \u015fasi numaras\u0131n\u0131n de\u011fi\u015ftirilerek \u201cchange\u201d yap\u0131ld\u0131\u011f\u0131, 1 arac\u0131n ise g\u00fcmr\u00fck ka\u00e7a\u011f\u0131 oldu\u011fu tespit edildi.<\/p>\n<p><strong>3 \u0130LDE E\u015e ZAMANLI OPERASYON D\u00dcZENLEND\u0130<\/strong><\/p>\n<p>Konuya ili\u015fkin olarak Mardin, \u0130zmir ve Mersin illerinde e\u015f zamanl\u0131 operasyon d\u00fczenlendi. Operasyonlarda olay\u0131 ger\u00e7ekle\u015ftirdi\u011fi belirlenen 7 \u015f\u00fcpheli yakalanarak g\u00f6zalt\u0131na al\u0131nd\u0131.<\/p>\n<p>Adli mercilere sevk edilen \u015f\u00fcphelilerden 5\u2019i hakk\u0131nda adli kontrol tedbiri uygulan\u0131rken, 2 \u015f\u00fcpheli tutukland\u0131.<\/p>\n<p><strong>SU\u00c7 VE SU\u00c7LULARLA Y\u00d6NEL\u0130K M\u00dcCADELEN\u0130N DEVAM EDECE\u011e\u0130 VURGULANDI<\/strong><\/p>\n<p>Valilik a\u00e7\u0131klamas\u0131nda, su\u00e7 ve su\u00e7lularla m\u00fccadelenin her alanda oldu\u011fu gibi asayi\u015f su\u00e7lar\u0131 kapsam\u0131nda da kararl\u0131l\u0131kla s\u00fcrd\u00fcr\u00fclece\u011fi vurguland\u0131.<\/p>\n","protected":false},"excerpt":{"rendered":"<p>\u015eanl\u0131urfa Valili\u011fi, \u0130l Emniyet M\u00fcd\u00fcrl\u00fc\u011f\u00fc Asayi\u015f \u015eube M\u00fcd\u00fcrl\u00fc\u011f\u00fc ekiplerince \u201cnitelikli doland\u0131r\u0131c\u0131l\u0131k\u201d ve \u201cresmi belgede sahtecilik\u201d&#8230;<\/p>\n","protected":false},"author":1,"featured_media":0,"comment_status":"closed","ping_status":"closed","sticky":false,"template":"","format":"standard","meta":{"footnotes":""},"categories":[1],"tags":[],"class_list":["post-8016","post","type-post","status-publish","format-standard","hentry","category-guncel"],"_links":{"self":[{"href":"https:\/\/ruhatv.org\/index.php\/wp-json\/wp\/v2\/posts\/8016","targetHints":{"allow":["GET"]}}],"collection":[{"href":"https:\/\/ruhatv.org\/index.php\/wp-json\/wp\/v2\/posts"}],"about":[{"href":"https:\/\/ruhatv.org\/index.php\/wp-json\/wp\/v2\/types\/post"}],"author":[{"embeddable":true,"href":"https:\/\/ruhatv.org\/index.php\/wp-json\/wp\/v2\/users\/1"}],"replies":[{"embeddable":true,"href":"https:\/\/ruhatv.org\/index.php\/wp-json\/wp\/v2\/comments?post=8016"}],"version-history":[{"count":0,"href":"https:\/\/ruhatv.org\/index.php\/wp-json\/wp\/v2\/posts\/8016\/revisions"}],"wp:attachment":[{"href":"https:\/\/ruhatv.org\/index.php\/wp-json\/wp\/v2\/media?parent=8016"}],"wp:term":[{"taxonomy":"category","embeddable":true,"href":"https:\/\/ruhatv.org\/index.php\/wp-json\/wp\/v2\/categories?post=8016"},{"taxonomy":"post_tag","embeddable":true,"href":"https:\/\/ruhatv.org\/index.php\/wp-json\/wp\/v2\/tags?post=8016"}],"curies":[{"name":"wp","href":"https:\/\/api.w.org\/{rel}","templated":true}]}}