{"id":8027,"date":"2026-04-30T05:55:55","date_gmt":"2026-04-30T05:55:55","guid":{"rendered":"https:\/\/ruhatv.org\/index.php\/2026\/04\/30\/resmi-gazetede-yayimlandi-emniyet-genel-muduru-degisti\/"},"modified":"2026-04-30T05:55:55","modified_gmt":"2026-04-30T05:55:55","slug":"resmi-gazetede-yayimlandi-emniyet-genel-muduru-degisti","status":"publish","type":"post","link":"https:\/\/ruhatv.org\/index.php\/2026\/04\/30\/resmi-gazetede-yayimlandi-emniyet-genel-muduru-degisti\/","title":{"rendered":"Resmi Gazete&#8217;de yay\u0131mland\u0131: Emniyet Genel M\u00fcd\u00fcr\u00fc de\u011fi\u015fti!"},"content":{"rendered":"<p>Cumhurba\u015fkan\u0131 Erdo\u011fan\u2019\u0131n imzas\u0131yla yap\u0131lan atama kararlar\u0131, Emniyet Genel M\u00fcd\u00fcr\u00fc Mahmut Demirta\u015f, \u0130\u00e7i\u015fleri Bakanl\u0131\u011f\u0131 emrine g\u00f6revlendirilirken, bo\u015falan g\u00f6reve Nev\u015fehir Valisi Ali Fidan atand\u0131. Ali Fidan, Emniyet Genel M\u00fcd\u00fcr\u00fc (Vali) unvan\u0131yla yeni g\u00f6revine ba\u015flayacak.<\/p>\n<h2>7 \u0130L EMN\u0130YET M\u00dcD\u00dcR\u00dc DE\u011e\u0130\u015eT\u0130<\/h2>\n<p>Ankara \u0130l Emniyet M\u00fcd\u00fcr\u00fc Engin Din\u00e7, Mersin \u0130l Emniyet M\u00fcd\u00fcr\u00fc \u0130dris Y\u0131lmaz ve Siirt \u0130l Emniyet M\u00fcd\u00fcr\u00fc Necmettin \u00d6zt\u00fcrk, Emniyet Genel M\u00fcd\u00fcrl\u00fc\u011f\u00fc emrine al\u0131nd\u0131.<\/p>\n<p>Ankara \u0130l Emniyet M\u00fcd\u00fcrl\u00fc\u011f\u00fcne Konya \u0130l Emniyet M\u00fcd\u00fcr\u00fc Maksut Y\u00fcksek, Konya \u0130l Emniyet M\u00fcd\u00fcrl\u00fc\u011f\u00fcne Yozgat \u0130l Emniyet M\u00fcd\u00fcr\u00fc Necmettin Ko\u00e7, Mersin \u0130l Emniyet M\u00fcd\u00fcrl\u00fc\u011f\u00fcne Manisa \u0130l Emniyet M\u00fcd\u00fcr\u00fc Fahri Akta\u015f, Manisa \u0130l Emniyet M\u00fcd\u00fcrl\u00fc\u011f\u00fcne Elaz\u0131\u011f \u0130l Emniyet M\u00fcd\u00fcr\u00fc Adnan Karayel, Elaz\u0131\u011f \u0130l Emniyet M\u00fcd\u00fcrl\u00fc\u011f\u00fcne Polis Ba\u015fm\u00fcfetti\u015fi Ayd\u0131n Karan, Yozgat \u0130l Emniyet M\u00fcd\u00fcrl\u00fc\u011f\u00fcne Polis Ba\u015fm\u00fcfetti\u015fi Tuncay Pekin ve Siirt \u0130l Emniyet M\u00fcd\u00fcrl\u00fc\u011f\u00fcne Polis Meslek E\u011fitim Merkezi M\u00fcd\u00fcr\u00fc Mehmet \u00d6zdemir atand\u0131.<\/p>\n","protected":false},"excerpt":{"rendered":"<p>Cumhurba\u015fkan\u0131 Erdo\u011fan\u2019\u0131n imzas\u0131yla yap\u0131lan atama kararlar\u0131, Emniyet Genel M\u00fcd\u00fcr\u00fc Mahmut Demirta\u015f, \u0130\u00e7i\u015fleri Bakanl\u0131\u011f\u0131 emrine g\u00f6revlendirilirken,&#8230;<\/p>\n","protected":false},"author":1,"featured_media":0,"comment_status":"closed","ping_status":"closed","sticky":false,"template":"","format":"standard","meta":{"footnotes":""},"categories":[1],"tags":[],"class_list":["post-8027","post","type-post","status-publish","format-standard","hentry","category-guncel"],"_links":{"self":[{"href":"https:\/\/ruhatv.org\/index.php\/wp-json\/wp\/v2\/posts\/8027","targetHints":{"allow":["GET"]}}],"collection":[{"href":"https:\/\/ruhatv.org\/index.php\/wp-json\/wp\/v2\/posts"}],"about":[{"href":"https:\/\/ruhatv.org\/index.php\/wp-json\/wp\/v2\/types\/post"}],"author":[{"embeddable":true,"href":"https:\/\/ruhatv.org\/index.php\/wp-json\/wp\/v2\/users\/1"}],"replies":[{"embeddable":true,"href":"https:\/\/ruhatv.org\/index.php\/wp-json\/wp\/v2\/comments?post=8027"}],"version-history":[{"count":0,"href":"https:\/\/ruhatv.org\/index.php\/wp-json\/wp\/v2\/posts\/8027\/revisions"}],"wp:attachment":[{"href":"https:\/\/ruhatv.org\/index.php\/wp-json\/wp\/v2\/media?parent=8027"}],"wp:term":[{"taxonomy":"category","embeddable":true,"href":"https:\/\/ruhatv.org\/index.php\/wp-json\/wp\/v2\/categories?post=8027"},{"taxonomy":"post_tag","embeddable":true,"href":"https:\/\/ruhatv.org\/index.php\/wp-json\/wp\/v2\/tags?post=8027"}],"curies":[{"name":"wp","href":"https:\/\/api.w.org\/{rel}","templated":true}]}}