{"id":8030,"date":"2026-04-30T06:20:16","date_gmt":"2026-04-30T06:20:16","guid":{"rendered":"https:\/\/ruhatv.org\/index.php\/2026\/04\/30\/israil-global-sumud-filosunu-abluka-altina-aldi\/"},"modified":"2026-04-30T06:20:16","modified_gmt":"2026-04-30T06:20:16","slug":"israil-global-sumud-filosunu-abluka-altina-aldi","status":"publish","type":"post","link":"https:\/\/ruhatv.org\/index.php\/2026\/04\/30\/israil-global-sumud-filosunu-abluka-altina-aldi\/","title":{"rendered":"\u0130srail, Global Sumud Filosu&#8217;nu abluka alt\u0131na ald\u0131!"},"content":{"rendered":"<p>\u0130srail&#8217;in Gazze ablukas\u0131n\u0131 k\u0131rmay\u0131 ve buraya insani yard\u0131m ta\u015f\u0131may\u0131 ama\u00e7layan K\u00fcresel Sumud Filosu&#8217;nun &#8216;2026 Bahar Misyonu&#8217;, \u0130talya&#8217;n\u0131n Sicilya Adas\u0131&#8217;ndaki son haz\u0131rl\u0131klar\u0131n\u0131 tamamlayarak 26 Nisan&#8217;da Akdeniz&#8217;e a\u00e7\u0131ld\u0131.<\/p>\n<p><img loading=\"lazy\" decoding=\"async\" alt=\"\u0130srail, Global Sumud Filosu'nu abluka alt\u0131na ald\u0131!\" class=\"mx-auto max-w-full h-auto shadow-sm\" height=\"675\" src=\"https:\/\/www.urfahaber.com\/images\/uploads\/2026\/04\/israil-global-sumud-filosunu-yunanista-1285216-382403-69f2f4577a53c.jpg\" width=\"1200\" \/><\/p>\n<h2><strong>ULUSLARARASI SULARDA M\u00dcDAHALE<\/strong><\/h2>\n<p>\u0130srail bas\u0131n\u0131, Gazze&#8217;ye do\u011fru yola \u00e7\u0131kan K\u00fcresel Sumud Filosu&#8217;na, \u0130srail donanmas\u0131n\u0131n uluslararas\u0131 sularda m\u00fcdahaleye ba\u015flatt\u0131\u011f\u0131n\u0131 duyurdu. \u0130srail Ordu Radyosu&#8217;nun haberine g\u00f6re, \u0130srailli bir kaynak, &#8220;Gazze&#8217;ye yard\u0131m filosu gemilerine \u0130srail k\u0131y\u0131lar\u0131ndan uzakta el koymaya ba\u015flad\u0131k&#8221; dedi.<\/p>\n<p>\u0130srail&#8217;in Kanal 12 televizyonu ise filodaki bir geminin \u0130srail donanmas\u0131 taraf\u0131ndan ele ge\u00e7irildi\u011fini ileri s\u00fcrd\u00fc. Gemilerin, Gazze k\u0131y\u0131lar\u0131ndan y\u00fczlerce deniz mili uzakl\u0131kta, Girit Adas\u0131 a\u00e7\u0131klar\u0131nda bulundu\u011fu bilgisi de payla\u015f\u0131ld\u0131.<\/p>\n<p>K\u00fcresel Sumud Filosu\u2019nun Eyl\u00fcl 2025\u2019teki ilk giri\u015fiminde, \u0130srail ordusu, filoyu Akdeniz\u2019in uluslararas\u0131 sular\u0131nda durdurup, zorla teknelere \u00e7\u0131karak buradaki g\u00f6n\u00fcll\u00fcleri al\u0131koymu\u015f ve \u0130srail&#8217;e g\u00f6t\u00fcrm\u00fc\u015ft\u00fc.<\/p>\n<p><img loading=\"lazy\" decoding=\"async\" alt=\"\u0130srail, Global Sumud Filosu'nu abluka alt\u0131na ald\u0131!\" class=\"mx-auto max-w-full h-auto shadow-sm\" height=\"675\" src=\"https:\/\/www.urfahaber.com\/images\/uploads\/2026\/04\/israil-global-sumud-filosunu-yunanista-1285218-382403-69f2f46213609.jpg\" width=\"1200\" \/><\/p>\n<h2><strong>&#8216;F\u0130LO TEHD\u0130T ALTINDA&#8217;<\/strong><\/h2>\n<p>K\u00fcresel Sumud Filosu&#8217;nun sanal medya hesab\u0131ndan yap\u0131lan a\u00e7\u0131klamada, &#8220;Global Sumud Filosu \u015fu anda Yunanistan a\u00e7\u0131klar\u0131nda ciddi bir tehdit alt\u0131nda. Sinyal Karartmas\u0131: Gemilerimizin d\u00fcnya ile ileti\u015fimini kesmek i\u00e7in kas\u0131tl\u0131 bir sinyal karartma (jamming) sald\u0131r\u0131s\u0131 yap\u0131l\u0131yor. Askeri Tehdit: Filonun etraf\u0131nda kime ait oldu\u011fu hen\u00fcz tespit edilemeyen askeri donanma gemileri saptand\u0131. Son Durum: Gemideki sivil aktivistler ve insan haklar\u0131 savunucular\u0131 olas\u0131 bir hukuksuz m\u00fcdahaleye kar\u015f\u0131 haz\u0131rl\u0131k yap\u0131yor. L\u00fctfen bu mesaj\u0131 yayarak filonun sesi olun! \u0130leti\u015fim tamamen kopmadan uluslararas\u0131 kamuoyunu harekete ge\u00e7irmeliyiz&#8221; ifadeleri yer ald\u0131.<\/p>\n<p><img loading=\"lazy\" decoding=\"async\" alt=\"\u0130srail, Global Sumud Filosu'nu abluka alt\u0131na ald\u0131!\" class=\"mx-auto max-w-full h-auto shadow-sm\" height=\"675\" src=\"https:\/\/www.urfahaber.com\/images\/uploads\/2026\/04\/israil-global-sumud-filosunu-yunanista-1285219-382403-69f2f46a6492d.jpg\" width=\"1200\" \/><\/p>\n<h2><strong>18 TEKNE \u0130LE \u0130LET\u0130\u015e\u0130M KES\u0130LD\u0130<\/strong><\/h2>\n<p>K\u00fcresel Sumud Filosu&#8217;nun sanal medya hesab\u0131ndan yap\u0131lan son a\u00e7\u0131klamada, 18 tekne ile ileti\u015fimin kesildi\u011fi a\u00e7\u0131kland\u0131. Teknelerde 31 T\u00fcrk vatanda\u015f\u0131n\u0131n oldu\u011fu an\u0131msat\u0131larak, Sumud Filosu&#8217;nu g\u00fcndemde tutmak i\u00e7in destek istendi. 60&#8217;tan fazla teknede, 39 farkl\u0131 \u00fclkeden 345 kat\u0131l\u0131mc\u0131n\u0131n bulundu\u011fu belirtildi.<\/p>\n<p>\u0130talya D\u0131\u015fi\u015fleri Bakanl\u0131\u011f\u0131&#8217;n\u0131n, \u0130srail donanmas\u0131n\u0131n, Gazze&#8217;ye insani yard\u0131m ta\u015f\u0131yan K\u00fcresel Sumud Filosu&#8217;na Yunanistan a\u00e7\u0131klar\u0131nda Akdeniz&#8217;in uluslararas\u0131 sular\u0131nda m\u00fcdahale etmesine ili\u015fkin Tel Aviv ve Atina&#8217;dan bilgi talep etti\u011fi bildirildi.<\/p>\n<p>kaynak:DHA<\/p>\n","protected":false},"excerpt":{"rendered":"<p>\u0130srail&#8217;in Gazze ablukas\u0131n\u0131 k\u0131rmay\u0131 ve buraya insani yard\u0131m ta\u015f\u0131may\u0131 ama\u00e7layan K\u00fcresel Sumud Filosu&#8217;nun &#8216;2026 Bahar&#8230;<\/p>\n","protected":false},"author":1,"featured_media":8031,"comment_status":"closed","ping_status":"closed","sticky":false,"template":"","format":"standard","meta":{"footnotes":""},"categories":[1],"tags":[],"class_list":["post-8030","post","type-post","status-publish","format-standard","has-post-thumbnail","hentry","category-guncel"],"_links":{"self":[{"href":"https:\/\/ruhatv.org\/index.php\/wp-json\/wp\/v2\/posts\/8030","targetHints":{"allow":["GET"]}}],"collection":[{"href":"https:\/\/ruhatv.org\/index.php\/wp-json\/wp\/v2\/posts"}],"about":[{"href":"https:\/\/ruhatv.org\/index.php\/wp-json\/wp\/v2\/types\/post"}],"author":[{"embeddable":true,"href":"https:\/\/ruhatv.org\/index.php\/wp-json\/wp\/v2\/users\/1"}],"replies":[{"embeddable":true,"href":"https:\/\/ruhatv.org\/index.php\/wp-json\/wp\/v2\/comments?post=8030"}],"version-history":[{"count":0,"href":"https:\/\/ruhatv.org\/index.php\/wp-json\/wp\/v2\/posts\/8030\/revisions"}],"wp:featuredmedia":[{"embeddable":true,"href":"https:\/\/ruhatv.org\/index.php\/wp-json\/wp\/v2\/media\/8031"}],"wp:attachment":[{"href":"https:\/\/ruhatv.org\/index.php\/wp-json\/wp\/v2\/media?parent=8030"}],"wp:term":[{"taxonomy":"category","embeddable":true,"href":"https:\/\/ruhatv.org\/index.php\/wp-json\/wp\/v2\/categories?post=8030"},{"taxonomy":"post_tag","embeddable":true,"href":"https:\/\/ruhatv.org\/index.php\/wp-json\/wp\/v2\/tags?post=8030"}],"curies":[{"name":"wp","href":"https:\/\/api.w.org\/{rel}","templated":true}]}}