{"id":8042,"date":"2026-04-30T08:47:56","date_gmt":"2026-04-30T08:47:56","guid":{"rendered":"https:\/\/ruhatv.org\/index.php\/2026\/04\/30\/dag-basinda-helikopter-destekli-nefes-kesen-kurtarma\/"},"modified":"2026-04-30T08:47:56","modified_gmt":"2026-04-30T08:47:56","slug":"dag-basinda-helikopter-destekli-nefes-kesen-kurtarma","status":"publish","type":"post","link":"https:\/\/ruhatv.org\/index.php\/2026\/04\/30\/dag-basinda-helikopter-destekli-nefes-kesen-kurtarma\/","title":{"rendered":"Da\u011f ba\u015f\u0131nda helikopter destekli nefes kesen kurtarma!"},"content":{"rendered":"<p>Ad\u0131yaman\u2019\u0131n \u00c7elikhan il\u00e7esinde bulunan Y\u00fczen Adalar mevkiindeki y\u00fcksek bir da\u011fda mantar toplayan E.A. (34), burada dengesini kaybederek d\u00fc\u015ft\u00fc.<\/p>\n<p>Y\u00fcksekten d\u00fc\u015fen E.A., yaraland\u0131. Yaral\u0131, 112 Acil \u00c7a\u011fr\u0131 Merkezini arayarak yard\u0131m istedi. Olay yerine UMKE, jandarma ekipleri ve sa\u011fl\u0131k ekipleri sevk edildi.<\/p>\n<h2><img loading=\"lazy\" decoding=\"async\" alt=\"Da\u011f ba\u015f\u0131nda helikopter destekli nefes kesen kurtarma!\" class=\"mx-auto max-w-full h-auto shadow-sm\" height=\"643\" src=\"https:\/\/www.urfahaber.com\/images\/uploads\/2026\/04\/operasyon-69f316e6394c9.jpg\" width=\"1200\" \/><strong>MSB&#8217;DEN HEL\u0130KOPTER DESTE\u011e\u0130<\/strong><\/h2>\n<p>Olay yerine gelen ekipler yaral\u0131y\u0131 kurtarmak i\u00e7in yo\u011fun \u00e7aba sarf etti. Yaral\u0131ya ilk m\u00fcdahaleyi yapan ekipler, yaral\u0131 i\u00e7in helikopter deste\u011fi talep etti. Olay yerine Milli Savunma Bakanl\u0131\u011f\u0131 (MSB) traf\u0131ndan askeri helikopter sevk edildi.<\/p>\n<p>Olay yerine sevk edilen helikopter yaral\u0131y\u0131 da\u011f ba\u015f\u0131ndan alarak Malatya\u2019ya do\u011fru havaland\u0131. Yaral\u0131n\u0131n \u0130n\u00f6n\u00fc \u00dcniversitesi Turgut \u00d6zal T\u0131p Merkezi E\u011fitim ve Ara\u015ft\u0131rma Hastanesi\u2019ne kald\u0131r\u0131ld\u0131\u011f\u0131 \u00f6\u011frenildi.<\/p>\n<p>Konuyla ilgili soru\u015fturma ba\u015flat\u0131ld\u0131.\u00a0<\/p>\n<p><img loading=\"lazy\" decoding=\"async\" alt=\"Da\u011f ba\u015f\u0131nda helikopter destekli nefes kesen kurtarma!\" class=\"mx-auto max-w-full h-auto shadow-sm\" height=\"1593\" src=\"https:\/\/www.urfahaber.com\/images\/uploads\/2026\/04\/msb-69f31701a34c7.jpg\" width=\"1200\" \/><\/p>\n","protected":false},"excerpt":{"rendered":"<p>Ad\u0131yaman\u2019\u0131n \u00c7elikhan il\u00e7esinde bulunan Y\u00fczen Adalar mevkiindeki y\u00fcksek bir da\u011fda mantar toplayan E.A. (34), burada&#8230;<\/p>\n","protected":false},"author":1,"featured_media":8043,"comment_status":"closed","ping_status":"closed","sticky":false,"template":"","format":"standard","meta":{"footnotes":""},"categories":[1],"tags":[],"class_list":["post-8042","post","type-post","status-publish","format-standard","has-post-thumbnail","hentry","category-guncel"],"_links":{"self":[{"href":"https:\/\/ruhatv.org\/index.php\/wp-json\/wp\/v2\/posts\/8042","targetHints":{"allow":["GET"]}}],"collection":[{"href":"https:\/\/ruhatv.org\/index.php\/wp-json\/wp\/v2\/posts"}],"about":[{"href":"https:\/\/ruhatv.org\/index.php\/wp-json\/wp\/v2\/types\/post"}],"author":[{"embeddable":true,"href":"https:\/\/ruhatv.org\/index.php\/wp-json\/wp\/v2\/users\/1"}],"replies":[{"embeddable":true,"href":"https:\/\/ruhatv.org\/index.php\/wp-json\/wp\/v2\/comments?post=8042"}],"version-history":[{"count":0,"href":"https:\/\/ruhatv.org\/index.php\/wp-json\/wp\/v2\/posts\/8042\/revisions"}],"wp:featuredmedia":[{"embeddable":true,"href":"https:\/\/ruhatv.org\/index.php\/wp-json\/wp\/v2\/media\/8043"}],"wp:attachment":[{"href":"https:\/\/ruhatv.org\/index.php\/wp-json\/wp\/v2\/media?parent=8042"}],"wp:term":[{"taxonomy":"category","embeddable":true,"href":"https:\/\/ruhatv.org\/index.php\/wp-json\/wp\/v2\/categories?post=8042"},{"taxonomy":"post_tag","embeddable":true,"href":"https:\/\/ruhatv.org\/index.php\/wp-json\/wp\/v2\/tags?post=8042"}],"curies":[{"name":"wp","href":"https:\/\/api.w.org\/{rel}","templated":true}]}}