{"id":8044,"date":"2026-04-30T10:10:26","date_gmt":"2026-04-30T10:10:26","guid":{"rendered":"https:\/\/ruhatv.org\/index.php\/2026\/04\/30\/gulistan-doku-sorusturmasinda-yeni-gelisme\/"},"modified":"2026-04-30T10:10:26","modified_gmt":"2026-04-30T10:10:26","slug":"gulistan-doku-sorusturmasinda-yeni-gelisme","status":"publish","type":"post","link":"https:\/\/ruhatv.org\/index.php\/2026\/04\/30\/gulistan-doku-sorusturmasinda-yeni-gelisme\/","title":{"rendered":"G\u00fclistan Doku soru\u015fturmas\u0131nda yeni geli\u015fme!"},"content":{"rendered":"<p>Hakimler ve Savc\u0131lar Kurulu (HSK), 2024 Haziran kararnamesiyle Tunceli\u2019ye atanan T\u00fcrkiye\u2019nin 3 kad\u0131n ba\u015fsavc\u0131s\u0131ndan biri olan Ebru Cansu, g\u00f6reve ba\u015flar ba\u015flamaz G\u00fclistan Doku dosyas\u0131n\u0131 raftan indirip incelemeye ba\u015flad\u0131. Soru\u015fturmay\u0131 ba\u015ftan ele alan Ba\u015fsavc\u0131 Ebru Cansu\u2019nun talimat\u0131yla, \u2018Jandarma Dedektifleri\u2019 olarak bilinen Jandarma Su\u00e7 Ara\u015ft\u0131rma Timleri (JASAT) personelinden olu\u015fan \u00f6zel ekip kuruldu. G\u00fclistan Doku&#8217;nun kaybolmadan \u00f6nceki g\u00fcn ve kayboldu\u011fu g\u00fcne ait kentteki t\u00fcm KGYS g\u00f6r\u00fcnt\u00fcleri, PTS kay\u0131tlar\u0131 topland\u0131.<\/p>\n<p><img loading=\"lazy\" decoding=\"async\" alt=\"G\u00fclistan Doku soru\u015fturmas\u0131nda yeni geli\u015fme!\" class=\"mx-auto max-w-full h-auto shadow-sm\" height=\"459\" src=\"https:\/\/www.urfahaber.com\/images\/uploads\/2026\/04\/gulistan-doku-sorusturmasinda-ailesinden-501843-382589-69f32aa08917d.jpg\" width=\"816\" \/><\/p>\n<p>G\u00fclistan&#8217;a ait yeni g\u00f6r\u00fcnt\u00fclerin de bulundu\u011fu, 67&#8217;si ana arter olmak \u00fczere toplamda 70 KGYS ile g\u00fcvenlik kameralar\u0131na ait ek 700 saatlik g\u00f6r\u00fcnt\u00fc de dosyaya girdi. G\u00fclistan&#8217;\u0131n kaybolmadan \u00f6nce erkek arkada\u015f\u0131 Zeinal Abarakov ile g\u00f6r\u00fc\u015fmek i\u00e7in geldi\u011fi kafeye nereden geldi\u011finin, kafeden ne zaman \u00e7\u0131k\u0131p \u00f6\u011fretmenine gitti\u011finin de ortaya \u00e7\u0131kt\u0131\u011f\u0131 g\u00f6r\u00fcnt\u00fcler, Ba\u015fsavc\u0131l\u0131k ve \u00f6zel ekip taraf\u0131ndan saniye saniye izlenerek, G\u00fclistan\u2019\u0131n ak\u0131beti ara\u015ft\u0131r\u0131ld\u0131. Ayr\u0131ca dosyaya baz\u0131 \u015f\u00fcpheliler eklenerek, HTS, PTS \u00e7al\u0131\u015fmalar\u0131 da yap\u0131ld\u0131. Gerekli \u00e7al\u0131\u015fmalar\u0131n tamamlanmas\u0131n\u0131n ard\u0131ndan da operasyon ba\u015flat\u0131ld\u0131. Kay\u0131p dosyas\u0131ndan \u2018cinayet\u2019 soru\u015fturmas\u0131na d\u00f6nen dosyada, cinayet \u015f\u00fcphesiyle 14, 17 ve 24 Nisan\u2019da operasyonlar d\u00fczenlendi. 17 \u015f\u00fcpheli g\u00f6zalt\u0131na al\u0131nd\u0131. Dosyada \u015f\u00fcpheli olan ve ABD\u2019de bulunan Umut Alta\u015f i\u00e7inse k\u0131rm\u0131z\u0131 b\u00fclten \u00e7\u0131kar\u0131ld\u0131.<\/p>\n<p><img loading=\"lazy\" decoding=\"async\" alt=\"G\u00fclistan Doku soru\u015fturmas\u0131nda yeni geli\u015fme!\" class=\"mx-auto max-w-full h-auto shadow-sm\" height=\"466\" src=\"https:\/\/www.urfahaber.com\/images\/uploads\/2026\/04\/gulistan-doku-sorusturmasinda-ailesinden-501842-382589-69f32ab1cbca7.jpg\" width=\"828\" \/><\/p>\n<h2><strong>D\u00d6NEM\u0130N VAL\u0130S\u0130 VE O\u011eLU \u0130LE B\u0130RL\u0130KTE 12 \u015e\u00dcPHEL\u0130 TUTUKLANDI<\/strong><\/h2>\n<p>Jandarmadaki i\u015flemlerinin ard\u0131ndan adliyeye sevk edilen \u015f\u00fcphelilerden Tuncay Sonel\u2019in o\u011flu Mustafa T\u00fcrkay Sonel ile daralt\u0131lm\u0131\u015f baz \u00e7al\u0131\u015fmas\u0131yla G\u00fclistan Doku\u2019ya son temas\u0131 bulundu\u011fu tespit edilen ve o d\u00f6nem \u0130l \u00d6zel \u0130daresi \u00e7al\u0131\u015fan\u0131 olan Erdo\u011fan Elald\u0131, \u2018Kasten \u00f6ld\u00fcrme\u2019 su\u00e7undan tutukland\u0131. G\u00fclistan Doku\u2019nun eski erkek arkada\u015f\u0131 Zeinal Abarakov, Abarakov&#8217;un babas\u0131 Engin Y\u00fccer ve annesi Cemile Y\u00fccer, firari \u015f\u00fcpheli Umut Alta\u015f\u2019\u0131n babas\u0131 Celal Alta\u015f ile annesi Nur\u015fen Ar\u0131kan, ihra\u00e7 polis memuru G\u00f6khan Ertok ve o d\u00f6nem Tuncay Sonel\u2019in yak\u0131n korumas\u0131 olan \u015e\u00fckr\u00fc Ero\u011flu, \u2018Su\u00e7 delillerini gizleme ve yok etme\u2019 su\u00e7undan tutukland\u0131. Ferhat G\u00fcven ise G\u00fclistan Doku\u2019nun ablas\u0131 Ayg\u00fcl Doku\u2019ya y\u00f6nelik eylemi nedeniyle \u2018Ya\u011fma\u2019 su\u00e7undan tutuklan\u0131p cezaevine g\u00f6nderildi. G\u00fclistan Doku\u2019nun hastane kay\u0131tlar\u0131n\u0131 sildi\u011fi iddias\u0131yla Bursa\u2019da g\u00f6zalt\u0131na al\u0131nan ve Tunceli Adliyesi\u2019ne getirilen d\u00f6nemin Tunceli Devlet Hastanesi Ba\u015fhekimi \u00c7a\u011fda\u015f \u00d6zdemir de &#8216;Resmi belgeyi bozmak, yok etmek veya gizlemek&#8217; su\u00e7lar\u0131ndan tutukland\u0131.<\/p>\n<p><img loading=\"lazy\" decoding=\"async\" alt=\"G\u00fclistan Doku soru\u015fturmas\u0131nda yeni geli\u015fme!\" class=\"mx-auto max-w-full h-auto shadow-sm\" height=\"518\" src=\"https:\/\/www.urfahaber.com\/images\/uploads\/2026\/04\/gulistan-doku-sorusturmasinda-ailesinden-501840-382589-69f32ade74f8c.jpg\" width=\"829\" \/><\/p>\n<p>Tuncay Sonel ise &#8216;Su\u00e7 delillerini yok etme, gizleme veya de\u011fi\u015ftirme\u2019, &#8216;Bili\u015fim sistemindeki verileri engelleme, bozma, yok etme veya de\u011fi\u015ftirme, ki\u015fisel verileri hukuka ayk\u0131r\u0131 olarak verme veya ele ge\u00e7irme&#8217;, &#8216;Resmi belgeyi bozmak, yok etmek veya gizlemek&#8217; su\u00e7lar\u0131ndan tutukland\u0131. \u015e\u00fcpheliler U.A. ile Munzur \u00dcniversitesi&#8217;nden kameralardan sorumlu olan S.G. ve S.\u00d6. ise adli kontrolle serbest b\u0131rak\u0131ld\u0131. Hastane kay\u0131tlar\u0131n\u0131n silindi\u011fi iddias\u0131yla \u2018Delilleri yok etme ve gizleme\u2019 su\u00e7lamas\u0131yla g\u00f6zalt\u0131na al\u0131nan Tunceli Devlet Hastanesi bilgi i\u015flem g\u00f6revlileri Bur\u00e7in Y. ve Y\u00fccel E., adli kontrol \u015fart\u0131yla serbest b\u0131rak\u0131ld\u0131.<\/p>\n<p>Erzurum Cumhuriyet Ba\u015fsavc\u0131l\u0131\u011f\u0131, tutuklu Mustafa T\u00fcrkay Sonel\u2019in arac\u0131nda \u00e7\u0131kan DNA \u00f6rnekleriyle ilgili aileden DNA \u00f6rne\u011fi al\u0131nmas\u0131na karar verdi. Karar\u0131n ard\u0131ndan G\u00fclistan Doku\u2019nun annesi Bedriye Doku ile babas\u0131 Halit Doku\u2019dan Diyarbak\u0131r Adli T\u0131p Kurumu\u2019nda kan, t\u0131rnak ve sa\u00e7 \u00f6rnekleri al\u0131nd\u0131. Al\u0131nan \u00f6rnekler, ara\u00e7ta tespit edilen DNA bulgular\u0131yla kar\u015f\u0131la\u015ft\u0131r\u0131lacak.<\/p>\n<p>kaynak:DHA\u00a0<\/p>\n","protected":false},"excerpt":{"rendered":"<p>Hakimler ve Savc\u0131lar Kurulu (HSK), 2024 Haziran kararnamesiyle Tunceli\u2019ye atanan T\u00fcrkiye\u2019nin 3 kad\u0131n ba\u015fsavc\u0131s\u0131ndan biri&#8230;<\/p>\n","protected":false},"author":1,"featured_media":8045,"comment_status":"closed","ping_status":"closed","sticky":false,"template":"","format":"standard","meta":{"footnotes":""},"categories":[1],"tags":[],"class_list":["post-8044","post","type-post","status-publish","format-standard","has-post-thumbnail","hentry","category-guncel"],"_links":{"self":[{"href":"https:\/\/ruhatv.org\/index.php\/wp-json\/wp\/v2\/posts\/8044","targetHints":{"allow":["GET"]}}],"collection":[{"href":"https:\/\/ruhatv.org\/index.php\/wp-json\/wp\/v2\/posts"}],"about":[{"href":"https:\/\/ruhatv.org\/index.php\/wp-json\/wp\/v2\/types\/post"}],"author":[{"embeddable":true,"href":"https:\/\/ruhatv.org\/index.php\/wp-json\/wp\/v2\/users\/1"}],"replies":[{"embeddable":true,"href":"https:\/\/ruhatv.org\/index.php\/wp-json\/wp\/v2\/comments?post=8044"}],"version-history":[{"count":0,"href":"https:\/\/ruhatv.org\/index.php\/wp-json\/wp\/v2\/posts\/8044\/revisions"}],"wp:featuredmedia":[{"embeddable":true,"href":"https:\/\/ruhatv.org\/index.php\/wp-json\/wp\/v2\/media\/8045"}],"wp:attachment":[{"href":"https:\/\/ruhatv.org\/index.php\/wp-json\/wp\/v2\/media?parent=8044"}],"wp:term":[{"taxonomy":"category","embeddable":true,"href":"https:\/\/ruhatv.org\/index.php\/wp-json\/wp\/v2\/categories?post=8044"},{"taxonomy":"post_tag","embeddable":true,"href":"https:\/\/ruhatv.org\/index.php\/wp-json\/wp\/v2\/tags?post=8044"}],"curies":[{"name":"wp","href":"https:\/\/api.w.org\/{rel}","templated":true}]}}