{"id":8095,"date":"2026-05-01T07:19:59","date_gmt":"2026-05-01T07:19:59","guid":{"rendered":"https:\/\/ruhatv.org\/index.php\/2026\/05\/01\/dikkat-meteorolojiden-8-il-icin-sari-kodlu-uyari\/"},"modified":"2026-05-01T07:19:59","modified_gmt":"2026-05-01T07:19:59","slug":"dikkat-meteorolojiden-8-il-icin-sari-kodlu-uyari","status":"publish","type":"post","link":"https:\/\/ruhatv.org\/index.php\/2026\/05\/01\/dikkat-meteorolojiden-8-il-icin-sari-kodlu-uyari\/","title":{"rendered":"Dikkat! Meteorolojiden 8 il i\u00e7in &#8220;sar\u0131&#8221; kodlu uyar\u0131!"},"content":{"rendered":"<p>Meteoroloji Genel M\u00fcd\u00fcrl\u00fc\u011f\u00fc (MGM) hava durumu tahminlerini payla\u015ft\u0131.\u00a0<\/p>\n<p>Orta Karadeniz ile Tunceli \u00e7evrelerinde etkili olmas\u0131 beklenen karla kar\u0131\u015f\u0131k ya\u011fmur ve g\u00f6k g\u00fcr\u00fclt\u00fcl\u00fc sa\u011fanak nedeniyle 8 il i\u00e7in &#8220;sar\u0131&#8221; kodlu uyar\u0131 yap\u0131ld\u0131.<\/p>\n<h2><img decoding=\"async\" alt=\"Dikkat! Meteorolojiden 8 il i\u00e7in \" sar=\"\" src=\"https:\/\/www.urfahaber.com\/images\/uploads\/2026\/05\/bulut-69f45442a82e4.jpg\" \/><strong>YURT GENEL\u0130NDE \u00c7OK BULUTLU HAVA HAK\u0130M<\/strong><\/h2>\n<p>Meteoroloji Genel M\u00fcd\u00fcrl\u00fc\u011f\u00fcn\u00fcn (MGM) son tahminlerine g\u00f6re, yurt genelinde havan\u0131n par\u00e7al\u0131 ve \u00e7ok bulutlu olmas\u0131 bekleniyor.<\/p>\n<h2><img decoding=\"async\" alt=\"Dikkat! Meteorolojiden 8 il i\u00e7in \" sar=\"\" src=\"https:\/\/www.urfahaber.com\/images\/uploads\/2026\/05\/yagis-69f4545b35cb6.jpg\" \/><strong>B\u0130R\u00c7OK B\u00d6LGEDE YA\u011eI\u015e BEKLEN\u0130YOR<\/strong><\/h2>\n<p>Marmara, Ege, Bat\u0131 Akdeniz, \u0130\u00e7 Anadolu (Karaman hari\u00e7), Karadeniz, Do\u011fu Anadolu ve G\u00fcneydo\u011fu Anadolu\u2019nun (Kilis hari\u00e7) yan\u0131 s\u0131ra Kahramanmara\u015f ve Osmaniye \u00e7evrelerinde ya\u011f\u0131\u015f g\u00f6r\u00fclece\u011fi \u00f6ng\u00f6r\u00fcl\u00fcyor.<\/p>\n<h2><img decoding=\"async\" alt=\"Dikkat! Meteorolojiden 8 il i\u00e7in \" sar=\"\" src=\"https:\/\/www.urfahaber.com\/images\/uploads\/2026\/05\/simsek-69f4546bafead.jpg\" \/><strong>KARLA KARI\u015eIK YA\u011eMUR UYARISI<\/strong><\/h2>\n<p>Ya\u011f\u0131\u015flar\u0131n genellikle ya\u011fmur ve sa\u011fanak, g\u00fcney ve i\u00e7 kesimlerde ise g\u00f6k g\u00fcr\u00fclt\u00fcl\u00fc sa\u011fanak \u015feklinde olmas\u0131 beklenirken, ak\u015fam saatlerinden itibaren Bat\u0131 Karadeniz\u2019in i\u00e7 kesimlerinin y\u00fckseklerinde karla kar\u0131\u015f\u0131k ya\u011fmur g\u00f6r\u00fclece\u011fi tahmin ediliyor. Marmara\u2019n\u0131n do\u011fusu ile Bat\u0131 ve Orta Karadeniz\u2019de, ayr\u0131ca Yozgat, Tunceli ve Bing\u00f6l \u00e7evrelerinde ya\u011f\u0131\u015flar\u0131n yerel olarak kuvvetli olaca\u011f\u0131 bildirildi.<\/p>\n<h2><img decoding=\"async\" alt=\"Dikkat! Meteorolojiden 8 il i\u00e7in \" sar=\"\" src=\"https:\/\/www.urfahaber.com\/images\/uploads\/2026\/05\/kar-69f454823bb25.jpg\" \/><strong>8 \u0130L \u0130\u00c7\u0130N SARI KODLU UYARI<\/strong><\/h2>\n<p>Kuvvetli ya\u011f\u0131\u015f beklentisi nedeniyle Amasya, \u00c7orum, Kastamonu, Ordu, Samsun, Sinop, Tokat ve Tunceli i\u00e7in &#8220;sar\u0131&#8221; kodlu uyar\u0131 verildi.<\/p>\n","protected":false},"excerpt":{"rendered":"<p>Meteoroloji Genel M\u00fcd\u00fcrl\u00fc\u011f\u00fc (MGM) hava durumu tahminlerini payla\u015ft\u0131.\u00a0 Orta Karadeniz ile Tunceli \u00e7evrelerinde etkili olmas\u0131&#8230;<\/p>\n","protected":false},"author":1,"featured_media":8096,"comment_status":"closed","ping_status":"closed","sticky":false,"template":"","format":"standard","meta":{"footnotes":""},"categories":[1],"tags":[],"class_list":["post-8095","post","type-post","status-publish","format-standard","has-post-thumbnail","hentry","category-guncel"],"_links":{"self":[{"href":"https:\/\/ruhatv.org\/index.php\/wp-json\/wp\/v2\/posts\/8095","targetHints":{"allow":["GET"]}}],"collection":[{"href":"https:\/\/ruhatv.org\/index.php\/wp-json\/wp\/v2\/posts"}],"about":[{"href":"https:\/\/ruhatv.org\/index.php\/wp-json\/wp\/v2\/types\/post"}],"author":[{"embeddable":true,"href":"https:\/\/ruhatv.org\/index.php\/wp-json\/wp\/v2\/users\/1"}],"replies":[{"embeddable":true,"href":"https:\/\/ruhatv.org\/index.php\/wp-json\/wp\/v2\/comments?post=8095"}],"version-history":[{"count":0,"href":"https:\/\/ruhatv.org\/index.php\/wp-json\/wp\/v2\/posts\/8095\/revisions"}],"wp:featuredmedia":[{"embeddable":true,"href":"https:\/\/ruhatv.org\/index.php\/wp-json\/wp\/v2\/media\/8096"}],"wp:attachment":[{"href":"https:\/\/ruhatv.org\/index.php\/wp-json\/wp\/v2\/media?parent=8095"}],"wp:term":[{"taxonomy":"category","embeddable":true,"href":"https:\/\/ruhatv.org\/index.php\/wp-json\/wp\/v2\/categories?post=8095"},{"taxonomy":"post_tag","embeddable":true,"href":"https:\/\/ruhatv.org\/index.php\/wp-json\/wp\/v2\/tags?post=8095"}],"curies":[{"name":"wp","href":"https:\/\/api.w.org\/{rel}","templated":true}]}}