{"id":8111,"date":"2026-05-01T10:20:08","date_gmt":"2026-05-01T10:20:08","guid":{"rendered":"https:\/\/ruhatv.org\/index.php\/2026\/05\/01\/azerbaycan-avrupa-parlamentosuyla-iliskilerini-askiya-aldi\/"},"modified":"2026-05-01T10:20:08","modified_gmt":"2026-05-01T10:20:08","slug":"azerbaycan-avrupa-parlamentosuyla-iliskilerini-askiya-aldi","status":"publish","type":"post","link":"https:\/\/ruhatv.org\/index.php\/2026\/05\/01\/azerbaycan-avrupa-parlamentosuyla-iliskilerini-askiya-aldi\/","title":{"rendered":"Azerbaycan, Avrupa Parlamentosu&#8217;yla ili\u015fkilerini ask\u0131ya ald\u0131!"},"content":{"rendered":"<p>Azerbaycan ile Avrupa Birli\u011fi (AB) aras\u0131ndaki diplomatik kriz derinle\u015fiyor. Azerbaycan Milli Meclisi, Avrupa Parlamentosu\u2019nun (AP) Azerbaycan kar\u015f\u0131t\u0131 faaliyetler ger\u00e7ekle\u015ftirdi\u011fi gerek\u00e7esiyle Azerbaycan Milli Meclisi ile AP aras\u0131ndaki ili\u015fkilerin ask\u0131ya al\u0131nd\u0131\u011f\u0131n\u0131 duyurdu.<\/p>\n<p>Karara g\u00f6re, Parlamento&#8217;nun Avrupa Birli\u011fi-Azerbaycan Parlamenter \u0130\u015fbirli\u011fi Komitesi faaliyetlerine kat\u0131l\u0131m\u0131 sona erdirildi. Euronest Parlamenter Meclisi T\u00fcz\u00fc\u011f\u00fc uyar\u0131nca, Milli Meclis&#8217;in bu kurulu\u015ftaki \u00fcyeli\u011finin sona erdirilmesine ili\u015fkin usul kurallar\u0131n\u0131n uygulanmas\u0131 ba\u015flat\u0131ld\u0131 ve bu s\u00fcre\u00e7 boyunca Milli Meclis heyeti Euronest Parlamenter Meclisi etkinliklerine kat\u0131lmayacak.<\/p>\n<p>Azerbaycan Milli Meclisi taraf\u0131ndan verilen kararda, &#8220;Azerbaycan Milli Meclisi, yabanc\u0131 \u00fclke parlamentolar\u0131 ve uluslararas\u0131 parlamento kurulu\u015flar\u0131 ile ili\u015fkilerinde bar\u0131\u015f, g\u00fcvenlik ve s\u00fcrd\u00fcr\u00fclebilir kalk\u0131nma ad\u0131na ortak faaliyetleri esas alarak, parlamenter de\u011ferlere ve ortak \u00e7\u0131karlara dayanarak a\u00e7\u0131k, samimi ve yap\u0131c\u0131 diyalo\u011fu te\u015fvik etmektedir. Ne yaz\u0131k ki, AP\u2019nin s\u00f6z konusu ilkeleri inkar eden y\u0131k\u0131c\u0131 tutumu, bu kurumla ikili ve \u00e7ok tarafl\u0131 i\u015f birli\u011fi ili\u015fkilerinin geli\u015ftirilmesi \u00f6n\u00fcnde ba\u015fl\u0131ca engel haline gelmi\u015ftir. AP\u2019nin faaliyetlerinin \u00f6z\u00fcnde, uluslararas\u0131 hukukun norm ve ilkelerinin, adalet anlay\u0131\u015f\u0131n\u0131n kesin \u015fekilde reddedilmesi yer almaktad\u0131r. Bu kurum, topraklar\u0131m\u0131z\u0131n Ermenistan taraf\u0131ndan 30 y\u0131l boyunca i\u015fgal edilmesine, y\u00fczlerce \u015fehir ve k\u00f6ylerimizin, tarihi, dini ve k\u00fclt\u00fcrel miras\u0131m\u0131z\u0131n tahrip edilmesine, etnik temizli\u011fe ve bir milyondan fazla m\u00fclteci ve yerinden edilmi\u015f ki\u015finin insan haklar\u0131na s\u00fcrekli olarak kay\u0131ts\u0131z kalm\u0131\u015ft\u0131r. AP ile i\u015f birli\u011fi i\u00e7in \u00f6ng\u00f6r\u00fclen platformlar Avrupa Birli\u011fi-Azerbaycan Parlamenter \u0130\u015f Birli\u011fi Komitesi ve Euronest Parlamenter Asamblesi ise \u00fclkemize kar\u015f\u0131 bask\u0131, \u015fantaj ve i\u00e7 i\u015flerine kaba m\u00fcdahale arac\u0131 haline getirilmi\u015ftir. Azerbaycan Milli Meclisi, AP\u2019nin bu tutumu nedeniyle 2015 y\u0131l\u0131nda onunla t\u00fcm ili\u015fkilerini durdurmu\u015f, ancak kar\u015f\u0131 taraf\u0131n \u00e7ok say\u0131da ba\u015fvurusu ve verdi\u011fi taahh\u00fctleri dikkate alarak i\u015f birli\u011fini yeniden tesis etmi\u015ftir. Buna ra\u011fmen Avrupa Parlamentosu verdi\u011fi s\u00f6zlere uymam\u0131\u015f, Azerbaycan kar\u015f\u0131t\u0131 siyasetini, iftira ve karalama faaliyetlerini kesintisiz \u015fekilde s\u00fcrd\u00fcrm\u00fc\u015ft\u00fcr&#8221; ifadeleri kullan\u0131ld\u0131.<\/p>\n<h2>&#8220;AP, AZERBAYCAN KAR\u015eITI VE \u0130SLAMOFOB\u0130K D\u00dc\u015e\u00dcNCELER\u0130N S\u00dcREKL\u0130 \u0130FADE ED\u0130LD\u0130\u011e\u0130 B\u0130R YAPIYA D\u00d6N\u00dc\u015eM\u00dc\u015eT\u00dcR&#8221;<\/h2>\n<p>Kararda ayr\u0131ca, Azerbaycan Cumhurba\u015fkan\u0131 \u0130lham Aliyev\u2019in liderli\u011finde Azerbaycan topraklar\u0131n\u0131n i\u015fgaline son verilmesi ve egemenlin yeniden sa\u011flanmas\u0131n\u0131n ard\u0131ndan AP\u2019nin bu faaliyetlerinin daha da geni\u015f kapsamda s\u00fcrd\u00fcrd\u00fc\u011f\u00fc belirtilerek, &#8220;Cumhurba\u015fkan\u0131 \u0130lham Aliyev\u2019in ortaya koydu\u011fu bar\u0131\u015f g\u00fcndeminin onun siyasi iradesi ve kararl\u0131l\u0131\u011f\u0131 sayesinde ba\u015far\u0131yla hayata ge\u00e7irilmesi ve tarihi Washington anla\u015fmalar\u0131 ile sonu\u00e7lanmas\u0131, devlet ba\u015fkan\u0131n\u0131n bar\u0131\u015fa, i\u015f birli\u011fine ve ilerlemeye hizmet eden giri\u015fimlerinin uluslararas\u0131 d\u00fczeyde destek g\u00f6rmesi, bu kurumun anti-Azerbaycan s\u00f6ylemini daha da g\u00fc\u00e7lendirmi\u015ftir. Nitekim, 44 g\u00fcnl\u00fck Vatan Sava\u015f\u0131\u2019ndan sonra AP, Azerbaycan aleyhine sahte bilgiler, as\u0131ls\u0131z iddialar ve abs\u00fcrt su\u00e7lamalar i\u00e7eren 10\u2019dan fazla karar kabul etmi\u015ftir. AP\u2019nin Birle\u015fmi\u015f Milletler \u0130klim De\u011fi\u015fikli\u011fi Konferans\u0131 (COP29) \u00f6ncesinde ve s\u00fcrecinde Azerbaycan\u2019a kar\u015f\u0131 y\u00fcr\u00fct\u00fclen kampanyalarda ba\u015fl\u0131ca ara\u00e7lardan biri olarak kullan\u0131ld\u0131\u011f\u0131 da unutulmamal\u0131d\u0131r. Bug\u00fcn demokratik de\u011ferlerin iflasa u\u011frad\u0131\u011f\u0131, yolsuzluk ve r\u00fc\u015fvetin derin k\u00f6k sald\u0131\u011f\u0131, lobi gruplar\u0131na ve \u00e7e\u015fitli \u00e7\u0131kar \u00e7evrelerine hizmet eden AP, Azerbaycan kar\u015f\u0131t\u0131 ve \u0130slamofobik d\u00fc\u015f\u00fcncelerin s\u00fcrekli ifade edildi\u011fi bir yap\u0131ya d\u00f6n\u00fc\u015fm\u00fc\u015ft\u00fcr. En kayg\u0131 verici hususlardan biri de, bu kurumun yaln\u0131zca Azerbaycan ile Avrupa Birli\u011fi aras\u0131ndaki ili\u015fkilerin geli\u015fmesine engel olmakla kalmay\u0131p, ayn\u0131 zamanda b\u00f6lgemizde uzun vadeli bar\u0131\u015f ve istikrar\u0131n tesisine y\u00f6nelik ad\u0131mlara da kar\u015f\u0131 \u00e7\u0131kmas\u0131d\u0131r. \u0130ntikamc\u0131 g\u00fc\u00e7leri te\u015fvik ederek b\u00f6lgemizi yeniden bir \u00e7at\u0131\u015fma alan\u0131na d\u00f6n\u00fc\u015ft\u00fcrmeye \u00e7al\u0131\u015fmaktad\u0131r. T\u00fcm bunlar AP ile i\u015fbirli\u011finin anlam\u0131n\u0131 ortadan kald\u0131rmaktad\u0131r&#8221; ifadeleri kullan\u0131ld\u0131.<\/p>\n<h2>AZERBAYCAN\u2019DAN AB\u2019YE NOTA<\/h2>\n<p>Azerbaycan D\u0131\u015fi\u015fleri Bakanl\u0131\u011f\u0131, Avrupa Birli\u011fi\u2019nin (AB) Bak\u00fc B\u00fcy\u00fckel\u00e7isi Marijana Kujundzic\u2019i, AP\u2019de kabul edilen karar sebebiyle D\u0131\u015fi\u015fleri Bakanl\u0131\u011f\u0131na \u00e7a\u011f\u0131r\u0131ld\u0131\u011f\u0131n\u0131 ve nota verildi\u011fini duyurmu\u015ftu. AP kararda, Azerbaycan&#8217;a Karaba\u011f&#8217;\u0131 terk eden Ermenilerin geri d\u00f6n\u00fc\u015f\u00fcn\u00fc sa\u011flama \u00e7a\u011fr\u0131s\u0131nda bulunmu\u015f ve Azerbaycan&#8217;da hapiste olan Ermenistan vatanda\u015flar\u0131n\u0131n serbest b\u0131rak\u0131lmas\u0131n\u0131n talep etmi\u015fti. Ayr\u0131ca kararda, Ermenilere ait k\u00fclt\u00fcrel miras\u0131n korunmas\u0131 \u00e7a\u011fr\u0131s\u0131 da yap\u0131lm\u0131\u015ft\u0131.<\/p>\n","protected":false},"excerpt":{"rendered":"<p>Azerbaycan ile Avrupa Birli\u011fi (AB) aras\u0131ndaki diplomatik kriz derinle\u015fiyor. Azerbaycan Milli Meclisi, Avrupa Parlamentosu\u2019nun (AP)&#8230;<\/p>\n","protected":false},"author":1,"featured_media":0,"comment_status":"closed","ping_status":"closed","sticky":false,"template":"","format":"standard","meta":{"footnotes":""},"categories":[1],"tags":[],"class_list":["post-8111","post","type-post","status-publish","format-standard","hentry","category-guncel"],"_links":{"self":[{"href":"https:\/\/ruhatv.org\/index.php\/wp-json\/wp\/v2\/posts\/8111","targetHints":{"allow":["GET"]}}],"collection":[{"href":"https:\/\/ruhatv.org\/index.php\/wp-json\/wp\/v2\/posts"}],"about":[{"href":"https:\/\/ruhatv.org\/index.php\/wp-json\/wp\/v2\/types\/post"}],"author":[{"embeddable":true,"href":"https:\/\/ruhatv.org\/index.php\/wp-json\/wp\/v2\/users\/1"}],"replies":[{"embeddable":true,"href":"https:\/\/ruhatv.org\/index.php\/wp-json\/wp\/v2\/comments?post=8111"}],"version-history":[{"count":0,"href":"https:\/\/ruhatv.org\/index.php\/wp-json\/wp\/v2\/posts\/8111\/revisions"}],"wp:attachment":[{"href":"https:\/\/ruhatv.org\/index.php\/wp-json\/wp\/v2\/media?parent=8111"}],"wp:term":[{"taxonomy":"category","embeddable":true,"href":"https:\/\/ruhatv.org\/index.php\/wp-json\/wp\/v2\/categories?post=8111"},{"taxonomy":"post_tag","embeddable":true,"href":"https:\/\/ruhatv.org\/index.php\/wp-json\/wp\/v2\/tags?post=8111"}],"curies":[{"name":"wp","href":"https:\/\/api.w.org\/{rel}","templated":true}]}}