{"id":8116,"date":"2026-05-01T11:12:32","date_gmt":"2026-05-01T11:12:32","guid":{"rendered":"https:\/\/ruhatv.org\/index.php\/2026\/05\/01\/1-mayista-aci-olay-2-belediye-iscisi-oldu\/"},"modified":"2026-05-01T11:12:32","modified_gmt":"2026-05-01T11:12:32","slug":"1-mayista-aci-olay-2-belediye-iscisi-oldu","status":"publish","type":"post","link":"https:\/\/ruhatv.org\/index.php\/2026\/05\/01\/1-mayista-aci-olay-2-belediye-iscisi-oldu\/","title":{"rendered":"1 May\u0131s&#8217;ta ac\u0131 olay: 2 belediye i\u015f\u00e7isi \u00f6ld\u00fc!"},"content":{"rendered":"<p>Kaza, sabah saatlerinde \u00c7ankaya&#8217;da Bademlidere Mahallesi \u015eemsettin G\u00fcnaltay Caddesi&#8217;nde meydana geldi. Su firmas\u0131na ait 07 FHF 37 plakal\u0131 kamyonet, yoku\u015f yukar\u0131 \u00e7\u0131karken geriye kayd\u0131. H\u0131zla geriye do\u011fru hareket eden ara\u00e7, yol \u00fczerinde kanalizasyon \u00e7al\u0131\u015fmas\u0131 yapan Ankara Su ve Kanalizasyon \u0130daresi (ASK\u0130) \u00e7al\u0131\u015fanlar\u0131 Kadir Ortata\u015f ve Bayram Demirhan&#8217;a, ard\u0131ndan da ASK\u0130&#8217;ye ait kamyonet ve park halindeki 4 otomobile \u00e7arpt\u0131.<\/p>\n<p><img loading=\"lazy\" decoding=\"async\" alt=\"G\u00f6rsel\" class=\"mx-auto max-w-full h-auto shadow-sm\" height=\"469\" src=\"https:\/\/www.urfahaber.com\/images\/uploads\/2026\/05\/kaza-rara1-69f489f603416.jpg\" width=\"833\" \/><\/p>\n<h2>2 \u0130\u015e\u00c7\u0130 HAYATINI KAYBETT\u0130<\/h2>\n<p>\u0130hbar \u00fczerine kaza yerine sa\u011fl\u0131k ve polis ekipleri sevk edildi. Sa\u011fl\u0131k ekiplerinin yapt\u0131\u011f\u0131 kontrolde i\u015f\u00e7iler Kadir Ortata\u015f ve Bayram Demirhan\u2019\u0131n hayat\u0131n\u0131 kaybetti\u011fini belirledi. Kazada su kamyonetinin s\u00fcr\u00fcc\u00fcs\u00fc ise yaraland\u0131. Yaral\u0131 s\u00fcr\u00fcc\u00fc olay yerindeki ilk m\u00fcdahalenin ard\u0131ndan hastaneye kald\u0131r\u0131ld\u0131.<\/p>\n<p><img loading=\"lazy\" decoding=\"async\" alt=\"G\u00f6rsel\" class=\"mx-auto max-w-full h-auto shadow-sm\" height=\"514\" src=\"https:\/\/www.urfahaber.com\/images\/uploads\/2026\/05\/kaza-arr2-69f48a054a084.jpg\" width=\"849\" \/><\/p>\n<p>1 May\u0131s Emek ve Dayan\u0131\u015fma G\u00fcn\u00fc&#8217;nde hayat\u0131n\u0131 kaybeden i\u015f\u00e7ilerin yak\u0131nlar\u0131, mesai arkada\u015flar\u0131 kaza yerinde g\u00f6zya\u015f\u0131 d\u00f6kt\u00fc. \u0130\u015f\u00e7ilerin cenazeleri yap\u0131lan incelemeden sonra Ankara Adli T\u0131p Kurumu&#8217;na g\u00f6t\u00fcr\u00fcld\u00fc.<\/p>\n<p>Kazayla ilgili soru\u015fturma ba\u015flat\u0131ld\u0131.<\/p>\n<p>Kaynak: DHA<\/p>\n<p><img loading=\"lazy\" decoding=\"async\" alt=\"G\u00f6rsel\" class=\"mx-auto max-w-full h-auto shadow-sm\" height=\"896\" src=\"https:\/\/www.urfahaber.com\/images\/uploads\/2026\/05\/aaaaaaaa-69f48a141fc11.jpg\" width=\"908\" \/><\/p>\n","protected":false},"excerpt":{"rendered":"<p>Kaza, sabah saatlerinde \u00c7ankaya&#8217;da Bademlidere Mahallesi \u015eemsettin G\u00fcnaltay Caddesi&#8217;nde meydana geldi. Su firmas\u0131na ait 07&#8230;<\/p>\n","protected":false},"author":1,"featured_media":8117,"comment_status":"closed","ping_status":"closed","sticky":false,"template":"","format":"standard","meta":{"footnotes":""},"categories":[1],"tags":[],"class_list":["post-8116","post","type-post","status-publish","format-standard","has-post-thumbnail","hentry","category-guncel"],"_links":{"self":[{"href":"https:\/\/ruhatv.org\/index.php\/wp-json\/wp\/v2\/posts\/8116","targetHints":{"allow":["GET"]}}],"collection":[{"href":"https:\/\/ruhatv.org\/index.php\/wp-json\/wp\/v2\/posts"}],"about":[{"href":"https:\/\/ruhatv.org\/index.php\/wp-json\/wp\/v2\/types\/post"}],"author":[{"embeddable":true,"href":"https:\/\/ruhatv.org\/index.php\/wp-json\/wp\/v2\/users\/1"}],"replies":[{"embeddable":true,"href":"https:\/\/ruhatv.org\/index.php\/wp-json\/wp\/v2\/comments?post=8116"}],"version-history":[{"count":0,"href":"https:\/\/ruhatv.org\/index.php\/wp-json\/wp\/v2\/posts\/8116\/revisions"}],"wp:featuredmedia":[{"embeddable":true,"href":"https:\/\/ruhatv.org\/index.php\/wp-json\/wp\/v2\/media\/8117"}],"wp:attachment":[{"href":"https:\/\/ruhatv.org\/index.php\/wp-json\/wp\/v2\/media?parent=8116"}],"wp:term":[{"taxonomy":"category","embeddable":true,"href":"https:\/\/ruhatv.org\/index.php\/wp-json\/wp\/v2\/categories?post=8116"},{"taxonomy":"post_tag","embeddable":true,"href":"https:\/\/ruhatv.org\/index.php\/wp-json\/wp\/v2\/tags?post=8116"}],"curies":[{"name":"wp","href":"https:\/\/api.w.org\/{rel}","templated":true}]}}