{"id":8122,"date":"2026-05-01T11:47:20","date_gmt":"2026-05-01T11:47:20","guid":{"rendered":"https:\/\/ruhatv.org\/index.php\/2026\/05\/01\/sanliurfada-korku-dolu-anlar-bir-isci-demirlerde-asili-kaldi\/"},"modified":"2026-05-01T11:47:20","modified_gmt":"2026-05-01T11:47:20","slug":"sanliurfada-korku-dolu-anlar-bir-isci-demirlerde-asili-kaldi","status":"publish","type":"post","link":"https:\/\/ruhatv.org\/index.php\/2026\/05\/01\/sanliurfada-korku-dolu-anlar-bir-isci-demirlerde-asili-kaldi\/","title":{"rendered":"\u015eanl\u0131urfa\u2019da korku dolu anlar! Bir i\u015f\u00e7i demirlerde as\u0131l\u0131 kald\u0131!"},"content":{"rendered":"<p>\u015eanl\u0131urfa&#8217;n\u0131n Birecik il\u00e7esine ba\u011fl\u0131 Meydan Mahallesi&#8217;nde bir in\u015faatta meydana gelen i\u015f kazas\u0131 pani\u011fe neden oldu. D\u0131\u015f cephe giydirme \u00e7al\u0131\u015fmas\u0131 yapan i\u015f\u00e7ilerin bulundu\u011fu asans\u00f6r, 5&#8217;inci kattan yere \u00e7ak\u0131ld\u0131.<\/p>\n<p><img loading=\"lazy\" decoding=\"async\" alt=\"G\u00f6rsel\" class=\"mx-auto max-w-full h-auto shadow-sm\" height=\"445\" src=\"https:\/\/www.urfahaber.com\/images\/uploads\/2026\/05\/kaza-ara1-69f491370917e.jpg\" width=\"820\" \/><\/p>\n<p>Kazada i\u015f\u00e7ilerden Adem G. a\u011f\u0131r yaralan\u0131rken, Adem K. ise d\u00fc\u015fme s\u0131ras\u0131nda balkon demirlerine tutunarak havada as\u0131l\u0131 kald\u0131.<\/p>\n<p><img loading=\"lazy\" decoding=\"async\" alt=\"G\u00f6rsel\" class=\"mx-auto max-w-full h-auto shadow-sm\" height=\"900\" src=\"https:\/\/www.urfahaber.com\/images\/uploads\/2026\/05\/aw695508-02-69f4915757e61.jpg\" width=\"1200\" \/> Olay yerine sevk edilen itfaiye ekipleri, balkon demirlerine tutunarak havada as\u0131l\u0131 kalan Adem K. i\u00e7in adeta zamanla yar\u0131\u015ft\u0131. Balkon demirlerini keserek i\u015f\u00e7iyi kurtaran ekipler, vatanda\u015flardan alk\u0131\u015f ald\u0131. Herkesin nefesini tuttu\u011fu korku dolu anlar, film sahnelerini aratmad\u0131. Ya\u015fanan kurtarma operasyonu kameraya yans\u0131d\u0131.<\/p>\n<p><img loading=\"lazy\" decoding=\"async\" alt=\"G\u00f6rsel\" class=\"mx-auto max-w-full h-auto shadow-sm\" height=\"1600\" src=\"https:\/\/www.urfahaber.com\/images\/uploads\/2026\/05\/aw695508-11-69f49165eaeec.jpg\" width=\"1200\" \/><\/p>\n<h2>\u0130\u015e\u00c7\u0130LER HASTANEYE KALDIRILDI<\/h2>\n<p>Yaralanan i\u015f\u00e7iler, olay yerindeki ilk m\u00fcdahalenin ard\u0131ndan Birecik Devlet Hastanesi&#8217;ne kald\u0131r\u0131ld\u0131. \u0130\u015f\u00e7ilerden birinin durumunun a\u011f\u0131r oldu\u011fu, di\u011ferinin ise hafif yaral\u0131 oldu\u011fu \u00f6\u011frenildi.<\/p>\n<p>Olayla ilgili inceleme ve soru\u015fturma ba\u015flat\u0131ld\u0131.<\/p>\n","protected":false},"excerpt":{"rendered":"<p>\u015eanl\u0131urfa&#8217;n\u0131n Birecik il\u00e7esine ba\u011fl\u0131 Meydan Mahallesi&#8217;nde bir in\u015faatta meydana gelen i\u015f kazas\u0131 pani\u011fe neden oldu&#8230;.<\/p>\n","protected":false},"author":1,"featured_media":8123,"comment_status":"closed","ping_status":"closed","sticky":false,"template":"","format":"standard","meta":{"footnotes":""},"categories":[1],"tags":[],"class_list":["post-8122","post","type-post","status-publish","format-standard","has-post-thumbnail","hentry","category-guncel"],"_links":{"self":[{"href":"https:\/\/ruhatv.org\/index.php\/wp-json\/wp\/v2\/posts\/8122","targetHints":{"allow":["GET"]}}],"collection":[{"href":"https:\/\/ruhatv.org\/index.php\/wp-json\/wp\/v2\/posts"}],"about":[{"href":"https:\/\/ruhatv.org\/index.php\/wp-json\/wp\/v2\/types\/post"}],"author":[{"embeddable":true,"href":"https:\/\/ruhatv.org\/index.php\/wp-json\/wp\/v2\/users\/1"}],"replies":[{"embeddable":true,"href":"https:\/\/ruhatv.org\/index.php\/wp-json\/wp\/v2\/comments?post=8122"}],"version-history":[{"count":0,"href":"https:\/\/ruhatv.org\/index.php\/wp-json\/wp\/v2\/posts\/8122\/revisions"}],"wp:featuredmedia":[{"embeddable":true,"href":"https:\/\/ruhatv.org\/index.php\/wp-json\/wp\/v2\/media\/8123"}],"wp:attachment":[{"href":"https:\/\/ruhatv.org\/index.php\/wp-json\/wp\/v2\/media?parent=8122"}],"wp:term":[{"taxonomy":"category","embeddable":true,"href":"https:\/\/ruhatv.org\/index.php\/wp-json\/wp\/v2\/categories?post=8122"},{"taxonomy":"post_tag","embeddable":true,"href":"https:\/\/ruhatv.org\/index.php\/wp-json\/wp\/v2\/tags?post=8122"}],"curies":[{"name":"wp","href":"https:\/\/api.w.org\/{rel}","templated":true}]}}