{"id":8126,"date":"2026-05-01T12:40:59","date_gmt":"2026-05-01T12:40:59","guid":{"rendered":"https:\/\/ruhatv.org\/index.php\/2026\/05\/01\/irandan-savasi-sona-erdirmek-icin-abdye-yeni-teklif\/"},"modified":"2026-05-01T12:40:59","modified_gmt":"2026-05-01T12:40:59","slug":"irandan-savasi-sona-erdirmek-icin-abdye-yeni-teklif","status":"publish","type":"post","link":"https:\/\/ruhatv.org\/index.php\/2026\/05\/01\/irandan-savasi-sona-erdirmek-icin-abdye-yeni-teklif\/","title":{"rendered":"\u0130ran\u2019dan sava\u015f\u0131 sona erdirmek i\u00e7in ABD\u2019ye yeni teklif!"},"content":{"rendered":"<p>Al Jazeera\u2019n\u0131n ad\u0131 a\u00e7\u0131klanmayan\u00a0\u0130ranl\u0131 diplomatik kaynaklara dayand\u0131rd\u0131\u011f\u0131 haberinde,\u00a0\u0130ran\u2019\u0131n d\u00fcn Pakistanl\u0131 arabulucularla ABD\u2019ye sava\u015f\u0131 sona erdirmek \u00fczere yeni bir teklif g\u00f6nderdi\u011fini bildirdi.<\/p>\n<h2><strong>SAVA\u015e HEN\u00dcZ SONA ERMED\u0130<\/strong><\/h2>\n<p>ABD ve\u00a0\u0130ran\u00a0aras\u0131ndaki ate\u015fkes devam ederken, sava\u015f hen\u00fcz sona ermedi. Taraflar aras\u0131ndaki m\u00fczakerelerin \u00e7\u0131kmaza girmesinin ard\u0131ndan ileti\u015fim Pakistan arabuluculu\u011funda s\u00fcr\u00fcyor. Katar merkezli Al Jazeera\u2019n\u0131n ad\u0131 a\u00e7\u0131klanmayan\u00a0\u0130ranl\u0131 diplomatik kaynaklara dayand\u0131rd\u0131\u011f\u0131 haberinde,\u00a0\u0130ran\u2019\u0131n d\u00fcn Pakistanl\u0131 arabulucularla ABD\u2019ye sava\u015f\u0131 sona erdirmek \u00fczere yeni bir teklif g\u00f6nderdi\u011fini bildirdi.<\/p>\n<h2><strong>TEKL\u0130F\u0130N \u0130\u00c7ER\u0130\u011e\u0130NE DA\u0130R DETAY PAYLA\u015eILMADI<\/strong><\/h2>\n<p>\u0130ran\u00a0devlet medyas\u0131 da s\u00f6z konusu teklifi do\u011frulayarak,\u00a0\u0130ran&#8217;\u0131n sava\u015f\u0131 sona erdirmek amac\u0131yla Pakistanl\u0131 arabulucular arac\u0131l\u0131\u011f\u0131yla ABD&#8217;ye son teklifini iletti\u011fi aktar\u0131ld\u0131. Teklifin i\u00e7eri\u011fine dair detay payla\u015f\u0131lmad\u0131.<\/p>\n<h2><strong>REV\u0130ZE ED\u0130LM\u0130\u015e YEN\u0130 B\u0130R TEKL\u0130F BEKLEN\u0130YORDU<\/strong><\/h2>\n<p>ABD bas\u0131n\u0131n\u0131n Pakistan&#8217;daki arabuluculuk s\u00fcrecine yak\u0131n olan ad\u0131 a\u00e7\u0131klanmayan kaynaklara dayand\u0131rd\u0131\u011f\u0131 28 Nisan tarihli haberlerde, arabulucular\u0131n \u00f6n\u00fcm\u00fczdeki birka\u00e7 g\u00fcn i\u00e7inde\u00a0\u0130ran&#8217;dan sava\u015f\u0131 sona erdirecek revize edilmi\u015f yeni bir teklif almay\u0131 bekledi\u011fi iddia edilmi\u015fti. Haberlerde,\u00a0\u0130ran\u2019\u0131n Dini Lideri M\u00fccteba Hamaney\u2019in bulundu\u011fu yerin gizli tutulmas\u0131 nedeniyle ileti\u015fim kurman\u0131n g\u00fc\u00e7l\u00fc\u011f\u00fcn\u00fcn s\u00fcrecin yava\u015f ilerlemesine neden oldu\u011funa dikkat \u00e7ekilen haberlerde, bundan sonraki ad\u0131mlar\u0131n b\u00fcy\u00fck \u00f6l\u00e7\u00fcde\u00a0\u0130ran&#8217;\u0131n ABD i\u00e7in daha kabul edilebilir bir teklifle geri d\u00f6n\u00fcp d\u00f6nmeyece\u011fine ba\u011fl\u0131 oldu\u011fu belirtilmiti.<br \/> Kaynak: \u0130HA<\/p>\n","protected":false},"excerpt":{"rendered":"<p>Al Jazeera\u2019n\u0131n ad\u0131 a\u00e7\u0131klanmayan\u00a0\u0130ranl\u0131 diplomatik kaynaklara dayand\u0131rd\u0131\u011f\u0131 haberinde,\u00a0\u0130ran\u2019\u0131n d\u00fcn Pakistanl\u0131 arabulucularla ABD\u2019ye sava\u015f\u0131 sona erdirmek&#8230;<\/p>\n","protected":false},"author":1,"featured_media":0,"comment_status":"closed","ping_status":"closed","sticky":false,"template":"","format":"standard","meta":{"footnotes":""},"categories":[1],"tags":[],"class_list":["post-8126","post","type-post","status-publish","format-standard","hentry","category-guncel"],"_links":{"self":[{"href":"https:\/\/ruhatv.org\/index.php\/wp-json\/wp\/v2\/posts\/8126","targetHints":{"allow":["GET"]}}],"collection":[{"href":"https:\/\/ruhatv.org\/index.php\/wp-json\/wp\/v2\/posts"}],"about":[{"href":"https:\/\/ruhatv.org\/index.php\/wp-json\/wp\/v2\/types\/post"}],"author":[{"embeddable":true,"href":"https:\/\/ruhatv.org\/index.php\/wp-json\/wp\/v2\/users\/1"}],"replies":[{"embeddable":true,"href":"https:\/\/ruhatv.org\/index.php\/wp-json\/wp\/v2\/comments?post=8126"}],"version-history":[{"count":0,"href":"https:\/\/ruhatv.org\/index.php\/wp-json\/wp\/v2\/posts\/8126\/revisions"}],"wp:attachment":[{"href":"https:\/\/ruhatv.org\/index.php\/wp-json\/wp\/v2\/media?parent=8126"}],"wp:term":[{"taxonomy":"category","embeddable":true,"href":"https:\/\/ruhatv.org\/index.php\/wp-json\/wp\/v2\/categories?post=8126"},{"taxonomy":"post_tag","embeddable":true,"href":"https:\/\/ruhatv.org\/index.php\/wp-json\/wp\/v2\/tags?post=8126"}],"curies":[{"name":"wp","href":"https:\/\/api.w.org\/{rel}","templated":true}]}}