{"id":8132,"date":"2026-05-01T16:50:09","date_gmt":"2026-05-01T16:50:09","guid":{"rendered":"https:\/\/ruhatv.org\/index.php\/2026\/05\/01\/urfada-korkutan-olay-silah-sesleri-yukseldi\/"},"modified":"2026-05-01T16:50:09","modified_gmt":"2026-05-01T16:50:09","slug":"urfada-korkutan-olay-silah-sesleri-yukseldi","status":"publish","type":"post","link":"https:\/\/ruhatv.org\/index.php\/2026\/05\/01\/urfada-korkutan-olay-silah-sesleri-yukseldi\/","title":{"rendered":"Urfa&#8217;da korkutan olay: Silah sesleri y\u00fckseldi!"},"content":{"rendered":"<p>\u015eanl\u0131urfa&#8217;n\u0131n Birecik il\u00e7esine ba\u011fl\u0131\u00a0Cibin\u00f6ren Mahallesinde meydana gelen olayda 2 ki\u015fi yaraland\u0131.\u00a0<\/p>\n<h2><strong>TARTI\u015eMA KISA S\u00dcREDE S\u0130LAHLI KAVGAYA D\u00d6N\u00dc\u015eT\u00dc<\/strong><\/h2>\n<p>\u015eanl\u0131urfa&#8217;n\u0131n Birecik il\u00e7esine ba\u011fl\u0131\u00a0Cibin\u00f6ren Mahallesinde hen\u00fcz bilinmeyen bir nedenle ba\u015flayan tart\u0131\u015fma k\u0131sa s\u00fcrede\u00a0b\u00fcy\u00fcyerek taraflar\u0131n birbirine silahla ate\u015f a\u00e7t\u0131\u011f\u0131 kavgaya d\u00f6n\u00fc\u015ft\u00fc.\u00a0Ya\u015fanan olayda, 2 ki\u015fi yaraland\u0131.<\/p>\n<h2><strong>112 AC\u0130L \u00c7A\u011eRI MERKEZ\u0130&#8217;NE B\u0130LD\u0130R\u0130LD\u0130<\/strong><\/h2>\n<p>Silah seslerini duyan vatanda\u015flar durumu 112 Acil \u00c7a\u011fr\u0131 Merkezi\u2019ne bildirdi. \u0130hbar \u00fczerine olay yerine jandarma\u00a0ve sa\u011fl\u0131k ekipleri sevk edildi.<\/p>\n<h2><strong>2 YARALI B\u0130REC\u0130K DEVLET HASTANES\u0130&#8217;NE KALDIRILDI<\/strong><\/h2>\n<p>Sa\u011fl\u0131k ekipleri 2 yaral\u0131ya ilk m\u00fcdahaleyi olay yerinde yapt\u0131ktan sonra ambulansla\u00a0Birecik Devlet Hastanesi\u2019ne kald\u0131rd\u0131. jandarma\u00a0ekipleri \u00e7evrede g\u00fcvenlik \u00f6nlemleri ald\u0131.<\/p>\n<p>Olayla ilgili soru\u015fturma ba\u015flat\u0131ld\u0131.<\/p>\n","protected":false},"excerpt":{"rendered":"<p>\u015eanl\u0131urfa&#8217;n\u0131n Birecik il\u00e7esine ba\u011fl\u0131\u00a0Cibin\u00f6ren Mahallesinde meydana gelen olayda 2 ki\u015fi yaraland\u0131.\u00a0 TARTI\u015eMA KISA S\u00dcREDE S\u0130LAHLI&#8230;<\/p>\n","protected":false},"author":1,"featured_media":0,"comment_status":"closed","ping_status":"closed","sticky":false,"template":"","format":"standard","meta":{"footnotes":""},"categories":[1],"tags":[],"class_list":["post-8132","post","type-post","status-publish","format-standard","hentry","category-guncel"],"_links":{"self":[{"href":"https:\/\/ruhatv.org\/index.php\/wp-json\/wp\/v2\/posts\/8132","targetHints":{"allow":["GET"]}}],"collection":[{"href":"https:\/\/ruhatv.org\/index.php\/wp-json\/wp\/v2\/posts"}],"about":[{"href":"https:\/\/ruhatv.org\/index.php\/wp-json\/wp\/v2\/types\/post"}],"author":[{"embeddable":true,"href":"https:\/\/ruhatv.org\/index.php\/wp-json\/wp\/v2\/users\/1"}],"replies":[{"embeddable":true,"href":"https:\/\/ruhatv.org\/index.php\/wp-json\/wp\/v2\/comments?post=8132"}],"version-history":[{"count":0,"href":"https:\/\/ruhatv.org\/index.php\/wp-json\/wp\/v2\/posts\/8132\/revisions"}],"wp:attachment":[{"href":"https:\/\/ruhatv.org\/index.php\/wp-json\/wp\/v2\/media?parent=8132"}],"wp:term":[{"taxonomy":"category","embeddable":true,"href":"https:\/\/ruhatv.org\/index.php\/wp-json\/wp\/v2\/categories?post=8132"},{"taxonomy":"post_tag","embeddable":true,"href":"https:\/\/ruhatv.org\/index.php\/wp-json\/wp\/v2\/tags?post=8132"}],"curies":[{"name":"wp","href":"https:\/\/api.w.org\/{rel}","templated":true}]}}