{"id":8137,"date":"2026-05-01T19:49:52","date_gmt":"2026-05-01T19:49:52","guid":{"rendered":"https:\/\/ruhatv.org\/index.php\/2026\/05\/01\/trump-anlasmaya-varabilecegimizden-emin-degilim\/"},"modified":"2026-05-01T19:49:52","modified_gmt":"2026-05-01T19:49:52","slug":"trump-anlasmaya-varabilecegimizden-emin-degilim","status":"publish","type":"post","link":"https:\/\/ruhatv.org\/index.php\/2026\/05\/01\/trump-anlasmaya-varabilecegimizden-emin-degilim\/","title":{"rendered":"Trump: Anla\u015fmaya varabilece\u011fimizden emin de\u011filim!"},"content":{"rendered":"<p>ABD Ba\u015fkan\u0131 Donald Trump, \u0130ran&#8217;\u0131n son teklifinden memnun olmad\u0131\u011f\u0131n\u0131 belirterek, &#8220;Anla\u015fmaya varabilece\u011fimizden emin de\u011filim. Do\u011fru anla\u015fmay\u0131 ortaya koymalar\u0131 gerekiyor. \u015eu an sunduklar\u0131ndan memnun de\u011filim&#8221; dedi.<br \/> ABD Ba\u015fkan\u0131 Donald Trump, Florida eyaletine gitmeden \u00f6nce bas\u0131n mensuplar\u0131n\u0131n sorular\u0131n\u0131 yan\u0131tlad\u0131.<\/p>\n<p>\u0130ran\u2019\u0131n Pakistan arac\u0131l\u0131\u011f\u0131yla ABD taraf\u0131na yeni bir teklifte bulundu\u011funa y\u00f6nelik iddialar ard\u0131ndan \u0130ran\u2019\u0131n son teklifi hakk\u0131nda ne d\u00fc\u015f\u00fcnd\u00fc\u011f\u00fc sorulan Trump, &#8220;Anla\u015fma yapmak istiyorlar ama ben bundan memnun de\u011filim. Bu y\u00fczden ne olaca\u011f\u0131n\u0131 g\u00f6rece\u011fiz. \u0130ran, esas\u0131nda neredeyse hi\u00e7 ordusu kalmad\u0131\u011f\u0131 i\u00e7in bir anla\u015fma yapmak istiyor. Anla\u015fma yapmak istiyorlar ama ben durumdan memnun de\u011filim&#8221; dedi.<\/p>\n<h2><strong>&#8220;ANLA\u015eMAYA VARAB\u0130LECE\u011e\u0130M\u0130ZDEN EM\u0130N DE\u011e\u0130L\u0130M&#8221;<\/strong><\/h2>\n<p>M\u00fczakereler i\u00e7in ABD\u2019nin Pakistan\u2019a temsilci g\u00f6nderme ihtimaline ili\u015fkin Trump, &#8220;Pakistan\u2019a ve \u0130slamabad\u2019a b\u00fcy\u00fck sayg\u0131m\u0131z var. Pakistan Ba\u015fbakan\u0131 (\u015eahbaz \u015eerif) ve Genelkurmay Ba\u015fkan\u0131\u2019na (Mare\u015fal Asim Munir) b\u00fcy\u00fck bir sayg\u0131 duyuyoruz ve bizimle birlikte \u00e7al\u0131\u015f\u0131yorlar. Bizimle \u00e7al\u0131\u015fmaya devam ediyorlar. Ancak bu \u00e7ok uzun bir yolculuk. \u015eu anda m\u00fczakereler konusunda elimizden gelen her \u015feyi yap\u0131yoruz ve m\u00fczakereleri telefonla y\u00fcr\u00fct\u00fcyoruz. \u0130lerleme kaydettiler ancak anla\u015fmaya varabilece\u011fimizden emin de\u011filim&#8221; dedi.<\/p>\n<h2><strong>&#8220;\u0130RAN&#8217;IN L\u0130DERL\u0130\u011e\u0130 \u00c7OK DA\u011eINIK. \u0130K\u0130, \u00dc\u00c7, HATTA BELK\u0130 DE D\u00d6RT GRUBA AYRILMI\u015e DURUMDA&#8221;<\/strong><\/h2>\n<p>Trump, &#8220;\u0130ran i\u00e7inde b\u00fcy\u00fck bir uyumsuzluk var. Birbirleriyle anla\u015fma konusunda ciddi sorunlar ya\u015f\u0131yorlar. \u0130ran&#8217;\u0131n liderli\u011fi \u00e7ok da\u011f\u0131n\u0131k. \u0130ki, \u00fc\u00e7, hatta belki de d\u00f6rt gruba ayr\u0131lm\u0131\u015f durumda. \u00c7ok par\u00e7alanm\u0131\u015f bir liderlik s\u00f6z konusu. Bununla birlikte hepsi anla\u015fma yapmak istiyor. Ancak hepsi, karmakar\u0131\u015f\u0131k durumda&#8221; dedi.<\/p>\n<h2><strong>&#8220;\u015eU AN SUNDUKLARINDAN MEMNUN DE\u011e\u0130L\u0130M&#8221;<\/strong><\/h2>\n<p>\u0130ran konusunda Trump, &#8220;Liderleri birbiriyle anla\u015fam\u0131yor. Olanlar konusunda kafalar\u0131 fazlas\u0131yla kar\u0131\u015fm\u0131\u015f durumda. \u00c7\u00fcnk\u00fc esasen ordular\u0131n\u0131n b\u00fcy\u00fck bir k\u0131sm\u0131 yok edildi. Ama \u0130ran\u2019la az \u00f6nce bir g\u00f6r\u00fc\u015fme yapt\u0131k, bakal\u0131m ne olacak. Ama s\u00f6yleyebilece\u011fim \u015fey, memnun de\u011filim. Liderleri da\u011f\u0131lm\u0131\u015f durumda ve kendi aralar\u0131nda \u00e7ok tart\u0131\u015f\u0131yorlar. Geri d\u00f6nd\u00fcklerinde biri bir \u015fey s\u00f6yl\u00fcyor, di\u011feri ba\u015fka bir \u015fey s\u00f6yl\u00fcyor&#8221; dedi.<br \/> Trump, &#8220;Donanmalar\u0131 yok. Hava kuvvetleri yok. Askerlerinin b\u00fcy\u00fck bir k\u0131sm\u0131 da maalesef art\u0131k yok. Fakat do\u011fru anla\u015fmay\u0131 ortaya koymalar\u0131 gerekiyor. \u015eu an sunduklar\u0131ndan memnun de\u011filim&#8221; \u015feklinde konu\u015ftu.<\/p>\n<h2><strong>&#8220;\u0130TALYA&#8217;DAN DA, \u0130SPANYA&#8217;DAN DA MEMNUN DE\u011e\u0130L\u0130M&#8221;<\/strong><\/h2>\n<p>\u0130talya ve \u0130spanya\u2019dan askerlerini \u00e7ekme a\u00e7\u0131klamalar\u0131na y\u00f6nelik soru \u00fczerine Trump, &#8220;\u0130talya&#8217;dan da, \u0130spanya&#8217;dan da memnun de\u011filim. \u0130ran&#8217;\u0131n n\u00fckleer silaha sahip olmas\u0131n\u0131n sorun olmad\u0131\u011f\u0131n\u0131 d\u00fc\u015f\u00fcn\u00fcyorlar. \u0130ran&#8217;\u0131n n\u00fckleer silaha sahip olmas\u0131n\u0131n sorun olmad\u0131\u011f\u0131n\u0131 d\u00fc\u015f\u00fcnen ki\u015filer pek zeki olamaz&#8221; dedi.<br \/> Trump, &#8220;N\u00fckleer silah sahibi olmalar\u0131na izin verilirse, bu gelecekte korkun\u00e7 bir \u015fey olur. Daha \u00f6nce d\u00fcnyan\u0131n hi\u00e7 g\u00f6rmedi\u011fi t\u00fcrden sorunlarla kar\u015f\u0131la\u015f\u0131rs\u0131n\u0131z. Bu olmayacak&#8221; ifadelerini kulland\u0131.<\/p>\n<h2><strong>\u0130RAN\u2019I &#8220;YERLE B\u0130R ETMEY\u0130&#8221; TERC\u0130H ETMED\u0130\u011e\u0130N\u0130 S\u00d6YLED\u0130<\/strong><\/h2>\n<p>\u0130ran konusunda se\u00e7eneklerin ne oldu\u011fu sorusuna Trump, &#8220;Gidip onlar\u0131 tamamen yerle bir edip bu olay\u0131 sonsuza kadar bitirelim mi, yoksa bir anla\u015fma yapmaya m\u0131 \u00e7al\u0131\u015fal\u0131m; se\u00e7enekler bunlar&#8221; \u015feklinde cevap verdi. \u0130ran\u2019\u0131 yerle bir etmeyi tercih etmeyece\u011fini s\u00f6yleyen Trump, &#8220;\u0130nsani a\u00e7\u0131dan tercih etmem ama bu da bir se\u00e7enek&#8221; \u015feklinde konu\u015ftu.<\/p>\n<h2><strong>&#8220;\u015eU AN \u00c7EK\u0130LSEK, B\u00dcY\u00dcK B\u0130R ZAFER KAZANMI\u015e OLURDUK&#8221;<\/strong><\/h2>\n<p>H\u00fcrm\u00fcz Bo\u011faz\u0131\u2019ndaki abluka devam ederken sava\u015fa d\u00f6nmeye ya da anla\u015fmaya gerek olmad\u0131\u011f\u0131 gibi bir durumun s\u00f6z konusu olup olmad\u0131\u011f\u0131 ve ablukadan memnun olup olmad\u0131\u011f\u0131na ili\u015fkin bir soruya Trump, &#8220;Abluka inan\u0131lmaz. Y\u00fczde y\u00fcz g\u00fc\u00e7l\u00fc. E\u011fer \u015fu an \u00e7ekilsek, b\u00fcy\u00fck bir zafer kazanm\u0131\u015f olurduk ama bunu yapm\u0131yoruz. Onlarla m\u00fczakere ediyoruz&#8221; ifadeleriyle cevap verdi.<\/p>\n<h2><strong>KONGRE\u2019DEN SAVA\u015e YETK\u0130S\u0130 TALEP ED\u0130P ETMEYECE\u011e\u0130 SORULDU<\/strong><\/h2>\n<p>Trump ayr\u0131ca, ABD Ba\u015fkan\u0131\u2019n\u0131n Kongre yetkisi olmadan ger\u00e7ekle\u015ftirilen askeri operasyonlar\u0131 60 g\u00fcn ile s\u0131n\u0131rlayan ve 60 g\u00fcn i\u00e7inde Kongreden yetki al\u0131nmazsa ABD askerlerinin geri \u00e7ekilmesini zorunlu k\u0131lan sava\u015f yetki yasas\u0131na ili\u015fkin bir soru ald\u0131. Trump, &#8220;Kongre yetkisi talep etmeyi d\u00fc\u015f\u00fcn\u00fcyor musunuz?&#8221; sorusuna, &#8220;Daha \u00f6nce hi\u00e7bir \u00fclke bunu yapmad\u0131. Bildi\u011finiz gibi \u00e7o\u011fu insan bunu tamamen anayasaya ayk\u0131r\u0131 olarak g\u00f6r\u00fcyor. Ayr\u0131ca bir ate\u015fkesimiz vard\u0131. Bu da (60 g\u00fcnl\u00fck s\u0131n\u0131r konusunda) bize ek zaman kazand\u0131r\u0131yor. Ama hi\u00e7bir \u00fclke b\u00f6yle bir \u015fey yapmad\u0131. \u015eu an b\u00fcy\u00fck bir zaferin ortas\u0131nday\u0131z&#8221; ifadeleriyle cevap verdi.<br \/> H\u00fcrm\u00fcz Bo\u011faz\u0131\u2019n\u0131n \u0130ran\u2019a b\u00fct\u00fcn\u00fcyle kapat\u0131ld\u0131\u011f\u0131n\u0131 s\u00f6yleyen Trump, &#8220;\u015eimdi \u0130ran\u2019la g\u00f6r\u00fc\u015f\u00fcyoruz ve bir anla\u015fma yapmak istiyorlar. Hen\u00fcz bizimle ayn\u0131 noktada de\u011filler ama bir nevi yakla\u015f\u0131yorlar. Ard\u0131ndan bir grup yeni insan geliyor, liderlerinin kim oldu\u011funu dahi bilmiyorlar. Hi\u00e7bir fikirleri yok. Bu, askeri olarak elde etti\u011fimiz ba\u015far\u0131n\u0131n sonucu&#8221; dedi.<br \/> Trump, &#8220;Sava\u015f yetkileri meselesinde, bildi\u011finiz gibi bir\u00e7ok ba\u015fkan bunu a\u015fm\u0131\u015ft\u0131r. Bu yasa hi\u00e7bir zaman ger\u00e7ekten uygulanm\u0131\u015f de\u011fil. Hi\u00e7bir zaman buna tam anlam\u0131yla uyulmad\u0131. Di\u011fer t\u00fcm ba\u015fkanlar da bunu tamamen anayasaya ayk\u0131r\u0131 olarak de\u011ferlendirdi. Biz de buna kat\u0131l\u0131yoruz&#8221; dedi.<\/p>\n<h2><strong>&#8220;D\u00dcNYANIN HER YER\u0130NDE STOKLARIMIZ VAR&#8221;<\/strong><\/h2>\n<p>\u0130ran sava\u015f\u0131 nedeniyle ABD ordusunun stoklar\u0131n\u0131n eridi\u011fi endi\u015felerine ili\u015fkin bir soru \u00fczerine Trump, &#8220;Asl\u0131nda her zamankinden daha fazlas\u0131na sahibiz. \u00c7\u00fcnk\u00fc d\u00fcnyan\u0131n her yerinde stoklar\u0131m\u0131z var. Gerekirse onlar\u0131 kullanabiliriz. D\u00fcnyan\u0131n her yerinde \u00e7ok b\u00fcy\u00fck miktarda stoklar\u0131m\u0131z var. En iyisinden. An itibar\u0131yla donan\u0131ml\u0131y\u0131z ve ate\u015fe haz\u0131r\u0131z. \u015eu anda, bu durum ba\u015flad\u0131\u011f\u0131nda sahip oldu\u011fumuzdan iki kat\u0131ndan fazlas\u0131na sahibiz. D\u00fcnyan\u0131n her yerinde, bir\u00e7ok farkl\u0131 \u00fclkede, bir\u00e7ok farkl\u0131 yerde bulunuyoruz ve hepsi haz\u0131r durumda&#8221; dedi.<br \/> Eski ABD Ba\u015fkan\u0131 Joe Biden i\u00e7in &#8220;ahmak&#8221; ifadelerini kulland\u0131\u011f\u0131 a\u00e7\u0131klamas\u0131na ili\u015fkin Trump, &#8220;O Ukrayna\u2019ya \u00e7ok miktarda te\u00e7hizat verdi ama biz yeniden doldurduk. D\u00fcnyan\u0131n her yerinde stoklar\u0131m\u0131z var&#8221; dedi.<br \/> \u00a0<\/p>\n<h2><strong>&#8220;K\u00dcRTLER S\u0130LAHLARI TESL\u0130M ETMED\u0130&#8221;<\/strong><\/h2>\n<p>\u0130ranl\u0131 g\u00f6stericilere g\u00f6nderilen silahlar\u0131n Kuzey Irak\u2019ta S\u00fcleymaniye\u2019de oldu\u011funa ili\u015fkin iddialar oldu\u011fu ve daha \u00f6nce yapt\u0131\u011f\u0131 bir a\u00e7\u0131klamada kulland\u0131\u011f\u0131, &#8220;bunu yapanlar\u0131n b\u00fcy\u00fck bir bedel \u00f6deyece\u011fini&#8221; ifadeleri hat\u0131rlat\u0131lan Trump, &#8220;Silahlar\u0131n kimde oldu\u011funa bakaca\u011f\u0131z fakat K\u00fcrtler meselesinde olanlardan memnun de\u011filim. K\u00fcrtler, silahlar\u0131 teslim etmedi&#8221; dedi.<\/p>\n<h2><strong>NATO HAKKINDAK\u0130 G\u00d6R\u00dc\u015e\u00dcN\u00dcN DE\u011e\u0130\u015eMED\u0130\u011e\u0130N\u0130 S\u00d6YLED\u0130<\/strong><\/h2>\n<p>Trump, ABD\u2019yi ziyaret eden \u0130ngiltere Kral\u0131 III. Charles\u2019\u0131n NATO hakk\u0131ndaki g\u00f6r\u00fc\u015flerini de\u011fi\u015ftirip de\u011fi\u015ftirmedi\u011fi sorusuna &#8220;Hay\u0131r&#8221; cevab\u0131n\u0131 verdi. Trump, buna ra\u011fmen Kral III. Charles\u2019\u0131n Kongre\u2019de \u00e7ok iyi bir i\u015f \u00e7\u0131kard\u0131\u011f\u0131n\u0131 s\u00f6yledi.<\/p>\n<h2><strong>&#8220;AB, ARAMIZDAK\u0130 T\u0130CARET ANLA\u015eMASINA UYMUYORDU&#8221;<\/strong><\/h2>\n<p>Avrupa \u00fclkelerine uygulanan g\u00fcmr\u00fck vergilerine y\u00f6nelik son a\u00e7\u0131klamas\u0131n\u0131n sebebini soran bir bas\u0131n mensubuna cevap veren Trump, &#8220;Avrupa Birli\u011fi\u2019nden (AB) gelen otomobillere uygulanan tarifeleri art\u0131rd\u0131k \u00e7\u00fcnk\u00fc AB, aram\u0131zdaki ticaret anla\u015fmas\u0131na uymuyordu&#8221; dedi.<br \/> Trump, &#8220;Bu y\u00fczden otomobil ve kamyonlara uygulanan tarifeleri y\u00fczde 25\u2019e \u00e7\u0131kard\u0131m. Bu ABD\u2019ye milyarlarca dolar gelir sa\u011fl\u0131yor&#8221; \u015feklinde konu\u015ftu.<br \/> Trump ayr\u0131ca, \u0130ran ile sava\u015f\u0131n \u00c7in ziyaretini etkileme ihtimaline ili\u015fkin bir soruya, &#8220;Hay\u0131r, \u00c7in ziyareti harika olacak. \u00c7in Devlet Ba\u015fkan\u0131 Xi Jinping ile harika bir g\u00f6r\u00fc\u015fme olacak&#8221; dedi.<\/p>\n<p>Kaynak: \u0130HA\u00a0<\/p>\n","protected":false},"excerpt":{"rendered":"<p>ABD Ba\u015fkan\u0131 Donald Trump, \u0130ran&#8217;\u0131n son teklifinden memnun olmad\u0131\u011f\u0131n\u0131 belirterek, &#8220;Anla\u015fmaya varabilece\u011fimizden emin de\u011filim. Do\u011fru&#8230;<\/p>\n","protected":false},"author":1,"featured_media":0,"comment_status":"closed","ping_status":"closed","sticky":false,"template":"","format":"standard","meta":{"footnotes":""},"categories":[1],"tags":[],"class_list":["post-8137","post","type-post","status-publish","format-standard","hentry","category-guncel"],"_links":{"self":[{"href":"https:\/\/ruhatv.org\/index.php\/wp-json\/wp\/v2\/posts\/8137","targetHints":{"allow":["GET"]}}],"collection":[{"href":"https:\/\/ruhatv.org\/index.php\/wp-json\/wp\/v2\/posts"}],"about":[{"href":"https:\/\/ruhatv.org\/index.php\/wp-json\/wp\/v2\/types\/post"}],"author":[{"embeddable":true,"href":"https:\/\/ruhatv.org\/index.php\/wp-json\/wp\/v2\/users\/1"}],"replies":[{"embeddable":true,"href":"https:\/\/ruhatv.org\/index.php\/wp-json\/wp\/v2\/comments?post=8137"}],"version-history":[{"count":0,"href":"https:\/\/ruhatv.org\/index.php\/wp-json\/wp\/v2\/posts\/8137\/revisions"}],"wp:attachment":[{"href":"https:\/\/ruhatv.org\/index.php\/wp-json\/wp\/v2\/media?parent=8137"}],"wp:term":[{"taxonomy":"category","embeddable":true,"href":"https:\/\/ruhatv.org\/index.php\/wp-json\/wp\/v2\/categories?post=8137"},{"taxonomy":"post_tag","embeddable":true,"href":"https:\/\/ruhatv.org\/index.php\/wp-json\/wp\/v2\/tags?post=8137"}],"curies":[{"name":"wp","href":"https:\/\/api.w.org\/{rel}","templated":true}]}}